{"id":13680,"date":"2017-04-04T12:06:02","date_gmt":"2017-04-04T11:06:02","guid":{"rendered":"http:\/\/www.paroisse-aucamville-st-loup-cammas.fr\/site\/?p=13680"},"modified":"2017-04-04T12:09:29","modified_gmt":"2017-04-04T11:09:29","slug":"laumonerie-des-collegiens-a-lourdes-un-temps-de-joie-intense-et-dapprofondissement-de-la-foi","status":"publish","type":"post","link":"http:\/\/www.paroisse-aucamville-st-loup-cammas.fr\/site\/laumonerie-des-collegiens-a-lourdes-un-temps-de-joie-intense-et-dapprofondissement-de-la-foi\/","title":{"rendered":"L&rsquo;aum\u00f4nerie des coll\u00e9giens \u00e0 Lourdes : un temps de joie intense et d&rsquo;approfondissement de la foi !"},"content":{"rendered":"<blockquote>\n<p style=\"text-align: justify;\">Des ados qui se mettent \u00e0 chanter \u00e0 tue-t\u00eate \u00ab Ave Maria \u00bb un chapelet autour du cou ? Non, vous ne r\u00eavez pas. Ce sont les jeunes de l&rsquo;aum\u00f4nerie de notre ensemble paroissial Aucamville-Saint-Loup Cammas qui reviennent\u2026 de Lourdes ! Deux jours sur \u00ab les pas de Bernadette \u00bb guid\u00e9s par de jeunes gens passionn\u00e9s et passionnants du Service \u00ab jeunes \u00bb du sanctuaire de la cit\u00e9 mariale. Toucher le Rocher de Massabielle, se \u00a0boire et se laver le visage avec l&rsquo;eau de Lourdes, allumer un cierge pour leur famille de l&rsquo;autre c\u00f4t\u00e9 du Gave\u2026 une autre fa\u00e7on de comprendre et vivre pleinement l&rsquo;esp\u00e9rance, la charit\u00e9 et la foi sous le regard de tendresse de Marie. R\u00e9cit de Josiane, animatrice.<\/p>\n<\/blockquote>\n<p style=\"text-align: justify;\">P\u00e8lerinage \u00e0 Lourdes : une quarantaine de jeunes de l\u2019aum\u00f4nerie se sont retrouv\u00e9s pour un temps de pri\u00e8re, avec P\u00e8re Joseph, avant de monter dans le bus \u00e0 destination de Lourdes. Malgr\u00e9 la pluie du d\u00e9part, ce p\u00e8lerinage fut un moment lumineux de joie, de d\u00e9couverte et de pri\u00e8re. En effet, d\u00e8s leur arriv\u00e9e les jeunes ont pu d\u00e9couvrir la vie de Bernadette et le rayonnement de la cit\u00e9 mariale \u00e0 travers le monde entier. Ils furent \u00e9tonn\u00e9s d\u2019entendre parler autant d\u2019idiomes diff\u00e9rents. Dans l\u2019apr\u00e8s-midi ils ont march\u00e9 sur les pas de Bernadette en visitant les lieux symboles qui ont marqu\u00e9 la jeunesse de cette Sainte : une vie d\u2019une grande simplicit\u00e9, \u00e0 la limite de l\u2019extr\u00eame pauvret\u00e9 mais nourrie par l\u2019amour de sa famille et une Foi sans faille. C\u2019est \u00e0 cette \u00ab toute petite \u00bb que Marie a choisi d\u2019appara\u00eetre pour annoncer la \u00abbonne nouvelle\u00bb. Certains ont fait la remarque \u00ab Ah,oui ! 1,40m \u00e7a n\u2019est pas grand pour 14 ans\u00bb. Ils ont aim\u00e9 la qualit\u00e9 des t\u00e9moignages et la grande disponibilit\u00e9 de ceux qui les ont accueillis. Lors de la relecture, les jeunes ont dit avoir appr\u00e9ci\u00e9 de pouvoir apprendre \u00e0 prier en r\u00e9citant le chapelet, car beaucoup d\u2019entre eux n\u2019en avaient jamais utilis\u00e9 ainsi que la veill\u00e9e qui a suivi. Ils ont compris, suivi et exp\u00e9riment\u00e9 le <b><i>Chemin des Signes<\/i><\/b> de Lourdes : La grotte et son rocher, solidit\u00e9 pour l\u2019Esp\u00e9rance, l\u2019eau qui purifie et gu\u00e9rit pour la Charit\u00e9 et la lumi\u00e8re de la Foi qui nous \u00e9claire. Le Chemin de Croix les a aussi marqu\u00e9. Ils sont repartis, en chantant, les gourdes remplies d\u2019eau qu\u2019ils avaient pris \u00e0 la source, sous un soleil \u00e9clatant !<\/p>\n","protected":false},"excerpt":{"rendered":"<p>Des ados qui se mettent \u00e0 chanter \u00e0 tue-t\u00eate \u00ab [&hellip;]<\/p>\n","protected":false},"author":1,"featured_media":13670,"comment_status":"closed","ping_status":"closed","sticky":false,"template":"","format":"standard","meta":[],"categories":[84,69],"tags":[],"jetpack_featured_media_url":"http:\/\/www.paroisse-aucamville-st-loup-cammas.fr\/site\/wp-content\/uploads\/20170325_105312.jpg","_links":{"self":[{"href":"http:\/\/www.paroisse-aucamville-st-loup-cammas.fr\/site\/wp-json\/wp\/v2\/posts\/13680"}],"collection":[{"href":"http:\/\/www.paroisse-aucamville-st-loup-cammas.fr\/site\/wp-json\/wp\/v2\/posts"}],"about":[{"href":"http:\/\/www.paroisse-aucamville-st-loup-cammas.fr\/site\/wp-json\/wp\/v2\/types\/post"}],"author":[{"embeddable":true,"href":"http:\/\/www.paroisse-aucamville-st-loup-cammas.fr\/site\/wp-json\/wp\/v2\/users\/1"}],"replies":[{"embeddable":true,"href":"http:\/\/www.paroisse-aucamville-st-loup-cammas.fr\/site\/wp-json\/wp\/v2\/comments?post=13680"}],"version-history":[{"count":3,"href":"http:\/\/www.paroisse-aucamville-st-loup-cammas.fr\/site\/wp-json\/wp\/v2\/posts\/13680\/revisions"}],"predecessor-version":[{"id":13683,"href":"http:\/\/www.paroisse-aucamville-st-loup-cammas.fr\/site\/wp-json\/wp\/v2\/posts\/13680\/revisions\/13683"}],"wp:featuredmedia":[{"embeddable":true,"href":"http:\/\/www.paroisse-aucamville-st-loup-cammas.fr\/site\/wp-json\/wp\/v2\/media\/13670"}],"wp:attachment":[{"href":"http:\/\/www.paroisse-aucamville-st-loup-cammas.fr\/site\/wp-json\/wp\/v2\/media?parent=13680"}],"wp:term":[{"taxonomy":"category","embeddable":true,"href":"http:\/\/www.paroisse-aucamville-st-loup-cammas.fr\/site\/wp-json\/wp\/v2\/categories?post=13680"},{"taxonomy":"post_tag","embeddable":true,"href":"http:\/\/www.paroisse-aucamville-st-loup-cammas.fr\/site\/wp-json\/wp\/v2\/tags?post=13680"}],"curies":[{"name":"wp","href":"https:\/\/api.w.org\/{rel}","templated":true}]}}