{"id":13712,"date":"2017-04-12T10:24:04","date_gmt":"2017-04-12T09:24:04","guid":{"rendered":"http:\/\/www.paroisse-aucamville-st-loup-cammas.fr\/site\/?p=13712"},"modified":"2018-01-28T20:19:35","modified_gmt":"2018-01-28T19:19:35","slug":"homelie-du-mardi-saint-messe-pour-les-malades-11-avril-2017","status":"publish","type":"post","link":"http:\/\/www.paroisse-aucamville-st-loup-cammas.fr\/site\/homelie-du-mardi-saint-messe-pour-les-malades-11-avril-2017\/","title":{"rendered":"Hom\u00e9lie du Mardi Saint : Messe pour les malades, 11 avril 2017"},"content":{"rendered":"<p style=\"text-align: justify;\">J\u00e9sus veut notre salut. Il ne fait rien que pour notre salut, dit sainte Catherine de Sienne. Saint Jean nous introduit aujourd&rsquo;hui dans les sentiments profonds de J\u00e9sus sauveur.<\/p>\n<ul>\n<li style=\"text-align: justify;\">J\u00e9sus est boulevers\u00e9 par l\u2019approche de sa mort dans laquelle va intervenir un des disciples qu\u2019il a choisi : un des disciples qu\u2019il aime va le trahir ! J\u00e9sus en est boulevers\u00e9 au plus profond de lui-m\u00eame.<\/li>\n<li style=\"text-align: justify;\">Mais J\u00e9sus est d\u00e9licat et ne veut pas d\u00e9noncer Judas, il le laisse libre ! mais il veut pr\u00e9parer les disciples \u00e0 ce qu\u2019ils vont vivre de difficile, alors J\u00e9sus annonce simplement : l\u2019un de vous va me trahir, les autres vont m\u2019abandonner, et Pierre me renier ! De plus, J\u00e9sus console \u00e0 l\u2019avance les Onze qui vont le chercher, qui vont \u00eatre scandalis\u00e9s de la mort du Messie. Regardons, dans les chapitres 13 \u00e0 17 de cet l\u2019\u00e9vangile, J\u00e9sus passant des heures \u00e0 pr\u00e9parer ses disciples \u00e0 surmonter les \u00e9preuves.<\/li>\n<li style=\"text-align: justify;\">J\u00e9sus veut surtout donner sa vie pour nous sauver du mal et de la souffrance. Il s&rsquo;y pr\u00e9pare depuis des ann\u00e9es. Il est venu pour cela, pour nous faire d\u00e9couvrir l\u2019amour du P\u00e8re, et nous aimer jusqu\u2019\u00e0 l\u2019extr\u00eame ! Nous sommes tous atteints par le mal, le p\u00e9ch\u00e9, la maladie, la souffrance, mais J\u00e9sus vient porter une croix qui rassemble toutes nos souffrances, physiques et morales : l\u2019extr\u00eame injustice, la trahison, l\u2019abandon, la moquerie, la torture et la mort.<\/li>\n<li style=\"text-align: justify;\">Comment son sacrifice nous sauve-t-il ? Parce qu\u2019il est homme, vrai homme, il souffre comme nous, il partage nos joies, nos difficult\u00e9s et nos douleurs. Parce qu\u2019il est Dieu, son sacrifice profite \u00e0 tous les hommes et femmes de tous les temps.<\/li>\n<li style=\"text-align: justify;\">Le p\u00e9ch\u00e9 du monde qui rejette Dieu trouve en nous des complicit\u00e9s, mais nous pouvons demander le pardon qui nous lib\u00e8re de tout mal.<\/li>\n<li style=\"text-align: justify;\">La maladie ou l\u2019\u00e2ge nous atteignent, nous handicapent ou nous font souffrir. Osons demander avec foi au Christ de nous gu\u00e9rir, ou de nous soulager, il peut aujourd\u2019hui agir en chacun de nous. Si nous avons confiance en Dieu, nous le lui demandons, sans l\u2019exiger, car Dieu sait mieux que nous ce qui est le mieux pour notre bien. Je peux t\u00e9moigner que le Seigneur m&rsquo;a gu\u00e9ri par l&rsquo;onction des malades.<\/li>\n<li style=\"text-align: justify;\">Demandons-lui aussi de vivre avec lui notre maladie, notre vieillesse, pour qu\u2019elle porte du fruit, qu\u2019il transforme le mal en bien. Lui seul peut porter nos croix trop lourdes pour nous. Je t\u00e9moigne aussi que le Seigneur m&rsquo;a donn\u00e9 par l&rsquo;onction des malades de vivre mes douleurs avec lui, en priant : \u00ab J\u00e9sus, J\u00e9sus&#8230; \u00bb Son nom veut dire : \u00ab Dieu sauve \u00bb Nous pouvons prier simplement avec le nom de J\u00e9sus : \u00ab J\u00e9sus, J\u00e9sus&#8230; \u00bb, ou bien \u00ab J\u00e9sus sauveur, prends piti\u00e9 de moi, p\u00e9cheur \u00bb.<\/li>\n<li style=\"text-align: justify;\">Sauver, c&rsquo;est beaucoup plus que gu\u00e9rir. J\u00e9sus veut avec chacun de nous une relation constante, d&rsquo;amour, pour nous donner la vie chaque jour, chaque instant. Une relation permanente d&rsquo;amour, c&rsquo;est l\u00e0 le bonheur.<\/li>\n<li style=\"text-align: justify;\">D\u2019autres parmi nous rencontrent et accompagnent des personnes malades ou \u00e2g\u00e9es. Que J\u00e9sus les encourage \u00e0 fr\u00e9quenter les malades comme lui ; que l\u2019Esprit de Dieu les affermisse et leur donne sa compassion pour toutes les mis\u00e8res, et surtout leur donne la gr\u00e2ce de porter au P\u00e8re toutes les souffrances car nous ne sommes pas le Sauveur du monde, J\u00e9sus seul peut les porter. Apportons-les lui !<\/li>\n<li style=\"text-align: justify;\">Qu\u2019il nous donne aussi de t\u00e9moigner de tout ce qu\u2019il a d\u00e9j\u00e0 fait pour nous\u2026 et t\u00e9moigner que l\u2019exercice de la mis\u00e9ricorde nous fait du bien, m\u00eame si les autres ne comprennent pas bien.<\/li>\n<li style=\"text-align: justify;\">Nous avons tous du prix \u00e0 ses yeux. Les faibles, les petits sont les pr\u00e9f\u00e9r\u00e9s du Seigneur. Le proph\u00e8te Isa\u00efe parle \u00e0 un peuple en exil, d\u00e9courag\u00e9, qui se croit abandonn\u00e9 de Dieu. Il n&rsquo;en est rien ! Au contraire, Dieu nous a dit aujourd\u2019hui par Isa\u00efe : \u00ab Je veux faire de toi la lumi\u00e8re des nations, pour que mon salut parvienne jusqu\u2019aux extr\u00e9mit\u00e9s de la terre \u00bb, c\u2019est-\u00e0-dire jusqu\u2019aux plus d\u00e9sesp\u00e9r\u00e9s. Pour cela il compte sur vous qui connaissez la souffrance du monde ! J\u00e9sus vient transformer le mal en occasions de bien. Pour cela il a besoin de votre pri\u00e8re.<\/li>\n<\/ul>\n","protected":false},"excerpt":{"rendered":"<p>J\u00e9sus veut notre salut. Il ne fait rien que pour [&hellip;]<\/p>\n","protected":false},"author":7,"featured_media":0,"comment_status":"closed","ping_status":"closed","sticky":false,"template":"","format":"standard","meta":[],"categories":[68],"tags":[],"jetpack_featured_media_url":"","_links":{"self":[{"href":"http:\/\/www.paroisse-aucamville-st-loup-cammas.fr\/site\/wp-json\/wp\/v2\/posts\/13712"}],"collection":[{"href":"http:\/\/www.paroisse-aucamville-st-loup-cammas.fr\/site\/wp-json\/wp\/v2\/posts"}],"about":[{"href":"http:\/\/www.paroisse-aucamville-st-loup-cammas.fr\/site\/wp-json\/wp\/v2\/types\/post"}],"author":[{"embeddable":true,"href":"http:\/\/www.paroisse-aucamville-st-loup-cammas.fr\/site\/wp-json\/wp\/v2\/users\/7"}],"replies":[{"embeddable":true,"href":"http:\/\/www.paroisse-aucamville-st-loup-cammas.fr\/site\/wp-json\/wp\/v2\/comments?post=13712"}],"version-history":[{"count":2,"href":"http:\/\/www.paroisse-aucamville-st-loup-cammas.fr\/site\/wp-json\/wp\/v2\/posts\/13712\/revisions"}],"predecessor-version":[{"id":13714,"href":"http:\/\/www.paroisse-aucamville-st-loup-cammas.fr\/site\/wp-json\/wp\/v2\/posts\/13712\/revisions\/13714"}],"wp:attachment":[{"href":"http:\/\/www.paroisse-aucamville-st-loup-cammas.fr\/site\/wp-json\/wp\/v2\/media?parent=13712"}],"wp:term":[{"taxonomy":"category","embeddable":true,"href":"http:\/\/www.paroisse-aucamville-st-loup-cammas.fr\/site\/wp-json\/wp\/v2\/categories?post=13712"},{"taxonomy":"post_tag","embeddable":true,"href":"http:\/\/www.paroisse-aucamville-st-loup-cammas.fr\/site\/wp-json\/wp\/v2\/tags?post=13712"}],"curies":[{"name":"wp","href":"https:\/\/api.w.org\/{rel}","templated":true}]}}