{"id":13741,"date":"2017-04-18T11:06:42","date_gmt":"2017-04-18T10:06:42","guid":{"rendered":"http:\/\/www.paroisse-aucamville-st-loup-cammas.fr\/site\/?p=13741"},"modified":"2018-01-28T20:13:29","modified_gmt":"2018-01-28T19:13:29","slug":"homelie-du-jour-de-paques-dimanche-16-avril-2017","status":"publish","type":"post","link":"http:\/\/www.paroisse-aucamville-st-loup-cammas.fr\/site\/homelie-du-jour-de-paques-dimanche-16-avril-2017\/","title":{"rendered":"Hom\u00e9lie du Jour de P\u00e2ques, dimanche 16 avril 2017"},"content":{"rendered":"<p style=\"text-align: justify;\">Pour nous c&rsquo;est le grand jour. En le ressuscitant, le P\u00e8re donne enfin raison \u00e0 J\u00e9sus que les autorit\u00e9s religieuses ont fait condamner et qui semblait abandonn\u00e9. La v\u00e9rit\u00e9 \u00e9clate au jour !<br \/>\nPourtant, pour Marie de Magdala, \u00e7a commence mal, les chocs s&rsquo;ajoutent. Elle a v\u00e9cu le pire jour de sa vie, il y a 2 jours, \u00e0 accompagner le supplice et la mort de J\u00e9sus sous les moqueries, celui qui l&rsquo;avait d\u00e9livr\u00e9e de tous ses p\u00e9ch\u00e9s, mais elle n&rsquo;a m\u00eame pas pu l&#8217;embaumer, il a fallu le mettre vite au tombeau avant la nuit du grand sabbat de P\u00e2ques, o\u00f9 tout travail est interdit, et puis attendre tout le jour et la nuit dans le deuil et les larmes.<br \/>\nEnfin le jour va se lever, vite les femmes vont au tombeau avant le jour pour l&#8217;embaumer, mais, nouveau choc, la pierre est enlev\u00e9e et J\u00e9sus a disparu ! Catastrophe ! \u00ab On a enlev\u00e9 le Seigneur de son tombeau ! \u00bb, et rien ne dit o\u00f9 il est. Elle court donc trouver Pierre et Jean, compl\u00e8tement perdue.<br \/>\nPierre et Jean courent \u00e0 leur tour, Simon-Pierre arrive derri\u00e8re Jean qui l&rsquo;attend pour entrer dans le tombeau ; Pierre aper\u00e7oit les linges, affaiss\u00e9s, mais il ne comprend rien :<br \/>\nJ\u00e9sus \u00e9tait bien l\u00e0, il y avait m\u00eame des gardes au tombeau, personne n&rsquo;a pu l&#8217;emporter sans autorisation, o\u00f9 sont les gardes ? Que s&rsquo;est-il pass\u00e9 ?<br \/>\nEt puis un juif ne peut pas toucher un cadavre sans devenir impur, donc si on emporte un mort, on l&#8217;emporte bien envelopp\u00e9 ; mais les linges le linceul et le sont l\u00e0, affaiss\u00e9s, celui de la t\u00eate a m\u00eame gard\u00e9 sa forme enroul\u00e9e&#8230;, Que s&rsquo;est-il pass\u00e9 ? Pierre n&rsquo;a pas de r\u00e9ponse humaine, il est d\u00e9pass\u00e9, stup\u00e9fait.<\/p>\n<p>Jean, fils de Z\u00e9b\u00e9d\u00e9e, a eu au d\u00e9but des pointes de violence, il a propos\u00e9 \u00e0 J\u00e9sus d&rsquo;envoyer le feu du ciel sur ce village qui ne voulaient pas de J\u00e9sus. Sa m\u00e8re voulait lui assurer une bonne place de ministre de J\u00e9sus. Mais Jean a \u00e9volu\u00e9 au contact de J\u00e9sus, \u00e0 la fin il a accompagn\u00e9 J\u00e9sus jusqu&rsquo;au bout. Jean sait qu&rsquo;il est aim\u00e9 de J\u00e9sus, et il en vit, les autres sont encore ailleurs, dans un r\u00eave d&rsquo;efficacit\u00e9, croyant que le Messie doit installer son royaume terrestre. \u00ab Jusque-l\u00e0, &#8230; les disciples n\u2019avaient pas compris que, selon l\u2019\u00c9criture, il fallait que J\u00e9sus ressuscite d\u2019entre les morts \u00bb. J\u00e9sus le leur avait annonc\u00e9 3 fois, mais sa Parole n&rsquo;a pas \u00e9t\u00e9 entendue. Cependant, Jean a accueilli Marie chez lui, Marie qui \u00e9tait debout au pied de la croix, dans la foi, Marie \u00e0 la foi contagieuse. C&rsquo;est peut-\u00eatre gr\u00e2ce \u00e0 Marie que Jean est le premier \u00e0 croire que J\u00e9sus est vivant. Il n&rsquo;a pas encore vu J\u00e9sus revenu de la mort, il a vu juste les signes : le tombeau vide, les linges affaiss\u00e9s, mais \u00ab Il vit, et il crut \u00bb.<\/p>\n<ul style=\"text-align: justify;\">\n<li>Et moi ? Est-ce que je suis pr\u00e9occup\u00e9 comme Marie de Magdala d&#8217;embaumer J\u00e9sus, pr\u00e9occup\u00e9 des rites, ou de retrouver sa trace pass\u00e9e ? Autrefois on avait la foi, autrefois c&rsquo;\u00e9tait facile\u2026<\/li>\n<li>ou bien est-ce que je suis dans le flou, l&rsquo;incompr\u00e9hension comme Pierre ? Certains disent : \u00ab Personne n&rsquo;est revenu pour dire ce qu&rsquo;il y a apr\u00e8s la mort \u00bb, d&rsquo;autres disent : \u00ab Chacun sa v\u00e9rit\u00e9&#8230; \u00bb Alors nous avons besoin de relire la bible avec l&rsquo;Esprit saint, comme les compagnons d&rsquo;Emma\u00fcs.<\/li>\n<\/ul>\n<ul style=\"text-align: justify;\">\n<li>Il faudra que J\u00e9sus se r\u00e9v\u00e8le \u00e0 Marie de Magdala dans son corps ressuscit\u00e9, et lui donne la mission d&rsquo;annoncer la grande Nouvelle et non pas de le garder pour elle, alors elle ira annoncer aux ap\u00f4tres qu&rsquo;il est vivant. Nous sommes Marie de Magdala transform\u00e9e qui court vers ses fr\u00e8res annoncer la grande Nouvelle que le mal et la mort sont vaincus.<\/li>\n<li>ou bien est-ce que je vis dans la foi comme Jean ? La r\u00e9surrection, c&rsquo;est la naissance de l&rsquo;humanit\u00e9 nouvelle. Une naissance commence par la t\u00eate, l\u00e0 o\u00f9 la t\u00eate, J\u00e9sus, est pass\u00e9e, son corps peut suivre. Nous sommes le corps du Christ. Chaque dimanche vivre la grande nouvelle que la mort est vaincue, f\u00eater le Christ vivant, le chanter, courir non pas vers un tombeau vide, mais vers une \u00e9glise pleine, avec ceux que j&rsquo;ai invit\u00e9s.<\/li>\n<\/ul>\n<p style=\"text-align: justify;\">Je vous propose un petit exercice d&rsquo;\u00e9vang\u00e9lisation, que chacun dise \u00e0 son voisin : Christ est ressuscit\u00e9 ! Et il r\u00e9pond : le Christ est vraiment ressuscit\u00e9 ! Et puis on se tourne de l&rsquo;autre c\u00f4t\u00e9, l&rsquo;un dit : Christ est ressuscit\u00e9 ! Et l&rsquo;autre r\u00e9pond ?<\/p>\n","protected":false},"excerpt":{"rendered":"<p>Pour nous c&rsquo;est le grand jour. En le ressuscitant, le [&hellip;]<\/p>\n","protected":false},"author":7,"featured_media":0,"comment_status":"closed","ping_status":"closed","sticky":false,"template":"","format":"standard","meta":[],"categories":[68],"tags":[],"jetpack_featured_media_url":"","_links":{"self":[{"href":"http:\/\/www.paroisse-aucamville-st-loup-cammas.fr\/site\/wp-json\/wp\/v2\/posts\/13741"}],"collection":[{"href":"http:\/\/www.paroisse-aucamville-st-loup-cammas.fr\/site\/wp-json\/wp\/v2\/posts"}],"about":[{"href":"http:\/\/www.paroisse-aucamville-st-loup-cammas.fr\/site\/wp-json\/wp\/v2\/types\/post"}],"author":[{"embeddable":true,"href":"http:\/\/www.paroisse-aucamville-st-loup-cammas.fr\/site\/wp-json\/wp\/v2\/users\/7"}],"replies":[{"embeddable":true,"href":"http:\/\/www.paroisse-aucamville-st-loup-cammas.fr\/site\/wp-json\/wp\/v2\/comments?post=13741"}],"version-history":[{"count":3,"href":"http:\/\/www.paroisse-aucamville-st-loup-cammas.fr\/site\/wp-json\/wp\/v2\/posts\/13741\/revisions"}],"predecessor-version":[{"id":13744,"href":"http:\/\/www.paroisse-aucamville-st-loup-cammas.fr\/site\/wp-json\/wp\/v2\/posts\/13741\/revisions\/13744"}],"wp:attachment":[{"href":"http:\/\/www.paroisse-aucamville-st-loup-cammas.fr\/site\/wp-json\/wp\/v2\/media?parent=13741"}],"wp:term":[{"taxonomy":"category","embeddable":true,"href":"http:\/\/www.paroisse-aucamville-st-loup-cammas.fr\/site\/wp-json\/wp\/v2\/categories?post=13741"},{"taxonomy":"post_tag","embeddable":true,"href":"http:\/\/www.paroisse-aucamville-st-loup-cammas.fr\/site\/wp-json\/wp\/v2\/tags?post=13741"}],"curies":[{"name":"wp","href":"https:\/\/api.w.org\/{rel}","templated":true}]}}