{"id":13919,"date":"2017-05-30T15:40:45","date_gmt":"2017-05-30T14:40:45","guid":{"rendered":"http:\/\/www.paroisse-aucamville-st-loup-cammas.fr\/site\/?p=13919"},"modified":"2018-01-28T20:13:05","modified_gmt":"2018-01-28T19:13:05","slug":"homelie-du-jeudi-25-mai-a-aucamville-fete-de-lascension","status":"publish","type":"post","link":"http:\/\/www.paroisse-aucamville-st-loup-cammas.fr\/site\/homelie-du-jeudi-25-mai-a-aucamville-fete-de-lascension\/","title":{"rendered":"Hom\u00e9lie du jeudi 25 mai \u00e0 Aucamville, f\u00eate de l&rsquo;Ascension"},"content":{"rendered":"<p style=\"text-align: justify;\">Curieuse f\u00eate de l&rsquo;Ascension : sommes-nous joyeux ou tristes du d\u00e9part de J\u00e9sus ? De plus, il nous quitte en nous disant dans l&rsquo;Evangile du jour : \u00ab Je suis avec vous jusqu&rsquo;\u00e0 la fin du monde ! \u00bb.<\/p>\n<p style=\"text-align: justify;\">En r\u00e9alit\u00e9, J\u00e9sus reste pr\u00e9sent, et devient m\u00eame pr\u00e9sent \u00e0 chacun sur toute la terre, mais il quitte notre vue pour que nous puissions l&rsquo;entendre ! Si J\u00e9sus \u00e9tait rest\u00e9 visible, nous resterions fix\u00e9s sur lui, bien s\u00fbr, mais pas ouverts \u00e0 l&rsquo;Esprit qu&rsquo;il veut nous donner pour devenir d&rsquo;autres Christ ! (Christ signifie celui qui a re\u00e7u l&rsquo;onction de l&rsquo;Esprit) L&rsquo;Esprit Saint est indispensable \u00e0 la vie chr\u00e9tienne. Il nous redit les paroles de J\u00e9sus et nous fait les entendre en profondeur.<\/p>\n<p style=\"text-align: justify;\">Quel est le sommet de la vie du Christ ?<\/p>\n<p style=\"text-align: justify;\">-C&rsquo;est sa mort et sa r\u00e9surrection, c&rsquo;est-\u00e0-dire la P\u00e2que, bien s\u00fbr,<\/p>\n<p style=\"text-align: justify;\">Mais quel est le sommet de la vie de la communaut\u00e9 chr\u00e9tienne ?<\/p>\n<p style=\"text-align: justify;\">-C&rsquo;est la Pentec\u00f4te !<\/p>\n<p style=\"text-align: justify;\">Les disciples avant la Pentec\u00f4te n&rsquo;ont pas compris grand chose au projet de J\u00e9sus, ils sont encore \u00e0 lui demander, le jour m\u00eame de l&rsquo;Ascension : \u00ab Quand vas-tu \u00e9tablir ton r\u00e8gne ? \u00bb, c&rsquo;est-\u00e0-dire quand vas-tu r\u00e9gner en roi terrestre ? Ce n&rsquo;est pas du tout le projet de Dieu. L&rsquo;Esprit Saint va les \u00e9clairer et les transformer le jour de la Pentec\u00f4te.<\/p>\n<p style=\"text-align: justify;\">Les disciples accueilleront l&rsquo;Esprit Saint le jour de la Pentec\u00f4te apr\u00e8s l&rsquo;avoir demand\u00e9 pendant les 9 jours qui s\u00e9parent l&rsquo;Ascension de la Pentec\u00f4te, c&rsquo;est la premi\u00e8re neuvaine et la source de toutes les autres. Le P\u00e8re ne peut pas refuser son Esprit \u00e0 ceux qui le lui demandent, dit J\u00e9sus : \u00ab Et moi je vous dis: Demandez et l&rsquo;on vous donnera; cherchez et vous trouverez; frappez et l&rsquo;on vous ouvrira&#8230; Si donc vous, tout m\u00e9chants que vous \u00eates, vous savez donner \u00e0 vos enfants de bonnes choses, combien plus le P\u00e8re du ciel donnera-t-il l&rsquo;Esprit-Saint \u00e0 ceux qui lui demandent. \u00bb (Luc 11)<\/p>\n<p style=\"text-align: justify;\">Et nous ? Avons-nous, comme les disciples apr\u00e8s la Pentec\u00f4te, la force de t\u00e9moigner de notre foi \u00e0 notre entourage, par nos actes et nos paroles ? Ou bien nous taisons-nous par peur de d\u00e9plaire ou de d\u00e9ranger ? Moi aussi j&rsquo;ai \u00e9t\u00e9 baptis\u00e9 et confirm\u00e9, mais jamais je n&rsquo;avais fait le rapprochement entre Dieu et les souffrances de ma vie. Il a fallu que je rentre dans un groupe de pri\u00e8re pour d\u00e9couvrir l&rsquo;action de l&rsquo;Esprit Saint en moi : quand une pri\u00e8re montait dans mon c\u0153ur, et que je n&rsquo;osais pas dire, quelqu&rsquo;un d&rsquo;autre l&rsquo;exprimait tout haut ! C&rsquo;\u00e9tait le m\u00eame Esprit qui nous inspirait, les uns et les autres !<\/p>\n<p style=\"text-align: justify;\">Vous reconnaissez l&rsquo;Esprit Saint qui vous donne envie de prier, et de faire du bien autour de vous, qui vous fait sentir \u00e0 l&rsquo;int\u00e9rieur que telle parole est vraie, ou qu&rsquo;elle n&rsquo;est pas tout \u00e0 fait vraie, etc.<\/p>\n<p style=\"text-align: justify;\">Gr\u00e2ce \u00e0 l&rsquo;Esprit saint, vivons en \u00c9glise avec nos charismes, car chacun de nous est porteur d&rsquo;une gr\u00e2ce, par exemple le p\u00e8re Joseph a un charisme pour appeler chacun \u00e0 prendre une place active dans l&rsquo;Eglise. Une autre personne apporte de la joie ; une autre, quand elle prie, donne envie de prier ; une autre sait mettre la paix dans le groupe ou la famille, etc. Au lieu de regarder ce qui va de travers chez nos fr\u00e8res, regardons leurs charismes, et disons-les leur, cela les encouragera.<\/p>\n<p style=\"text-align: justify;\">Je vous invite \u00e0 faire une neuvaine \u00e0 l&rsquo;Esprit Saint, jusqu&rsquo;\u00e0 la Pentec\u00f4te, pour d\u00e9couvrir davantage le Saint Esprit agissant dans notre vie, et \u00e0 demander ses dons spirituels, par exemple avec saint Thomas d&rsquo;Aquin :<\/p>\n<p style=\"text-align: justify;\">Pour saisir la v\u00e9rit\u00e9, sur Dieu et sur l&rsquo;homme, demandons le don d&rsquo;intelligence, pour bien agir au bon moment, demandons le don de conseil.<\/p>\n<p style=\"text-align: justify;\">Pour bien r\u00e9fl\u00e9chir et bien juger, le don de sagesse nous am\u00e8ne \u00e0 l&rsquo;essentiel tandis que le don de science nous permet de percevoir l&rsquo;action de Dieu et comment y coop\u00e9rer.<\/p>\n<p style=\"text-align: justify;\">Nous pourrons trier nos d\u00e9sirs par le don de la crainte de nous \u00e9loigner de l&rsquo;amour de Dieu, tandis que le don de force nous permet de tenir bon contre la peur, et le don de pi\u00e9t\u00e9 nous permet d&rsquo;ajuster notre regard sur nos fr\u00e8res.<\/p>\n<p style=\"text-align: justify;\">Sur Internet vous trouverez des neuvaines au Saint Esprit, en particulier celle de saint Alphonse de Liguori.<\/p>\n<p style=\"text-align: justify;\">Viens, Saint Esprit, chasse l&rsquo;orgueil et la crainte, et rends ton \u00c9glise sainte.<\/p>\n<p style=\"text-align: justify;\">Viens, toi seul renouvelles nos c\u0153urs et la face de la terre !<\/p>\n","protected":false},"excerpt":{"rendered":"<p>Curieuse f\u00eate de l&rsquo;Ascension : sommes-nous joyeux ou tristes du [&hellip;]<\/p>\n","protected":false},"author":7,"featured_media":0,"comment_status":"closed","ping_status":"closed","sticky":false,"template":"","format":"standard","meta":[],"categories":[68],"tags":[],"jetpack_featured_media_url":"","_links":{"self":[{"href":"http:\/\/www.paroisse-aucamville-st-loup-cammas.fr\/site\/wp-json\/wp\/v2\/posts\/13919"}],"collection":[{"href":"http:\/\/www.paroisse-aucamville-st-loup-cammas.fr\/site\/wp-json\/wp\/v2\/posts"}],"about":[{"href":"http:\/\/www.paroisse-aucamville-st-loup-cammas.fr\/site\/wp-json\/wp\/v2\/types\/post"}],"author":[{"embeddable":true,"href":"http:\/\/www.paroisse-aucamville-st-loup-cammas.fr\/site\/wp-json\/wp\/v2\/users\/7"}],"replies":[{"embeddable":true,"href":"http:\/\/www.paroisse-aucamville-st-loup-cammas.fr\/site\/wp-json\/wp\/v2\/comments?post=13919"}],"version-history":[{"count":2,"href":"http:\/\/www.paroisse-aucamville-st-loup-cammas.fr\/site\/wp-json\/wp\/v2\/posts\/13919\/revisions"}],"predecessor-version":[{"id":13925,"href":"http:\/\/www.paroisse-aucamville-st-loup-cammas.fr\/site\/wp-json\/wp\/v2\/posts\/13919\/revisions\/13925"}],"wp:attachment":[{"href":"http:\/\/www.paroisse-aucamville-st-loup-cammas.fr\/site\/wp-json\/wp\/v2\/media?parent=13919"}],"wp:term":[{"taxonomy":"category","embeddable":true,"href":"http:\/\/www.paroisse-aucamville-st-loup-cammas.fr\/site\/wp-json\/wp\/v2\/categories?post=13919"},{"taxonomy":"post_tag","embeddable":true,"href":"http:\/\/www.paroisse-aucamville-st-loup-cammas.fr\/site\/wp-json\/wp\/v2\/tags?post=13919"}],"curies":[{"name":"wp","href":"https:\/\/api.w.org\/{rel}","templated":true}]}}