{"id":13982,"date":"2017-06-21T16:09:35","date_gmt":"2017-06-21T15:09:35","guid":{"rendered":"http:\/\/www.paroisse-aucamville-st-loup-cammas.fr\/site\/?p=13982"},"modified":"2017-06-21T16:11:20","modified_gmt":"2017-06-21T15:11:20","slug":"aumonerie-des-jeunes-une-fin-dannee-aux-petits-oignons","status":"publish","type":"post","link":"http:\/\/www.paroisse-aucamville-st-loup-cammas.fr\/site\/aumonerie-des-jeunes-une-fin-dannee-aux-petits-oignons\/","title":{"rendered":"Aum\u00f4nerie des jeunes : une fin d&rsquo;ann\u00e9e aux petits oignons"},"content":{"rendered":"<p style=\"text-align: justify;\">Alors, on mange ? Les coll\u00e9giens ne se sont pas vraiment \u00e9tendus sur la relecture de l&rsquo;ann\u00e9e que les animateurs leur proposaient de faire le 16 juin dernier. Hop, hop ! Oui, ils sont contents de ce qu&rsquo;ils ont fait et v\u00e9cu, de leurs nouveaux amis, m\u00eame des copains non baptis\u00e9s qu\u2019ils ont invit\u00e9 \u00e0 l\u2019aum\u00f4nerie, de leurs animateurs (ouf !)&#8230; et oui, ils ont envie de continuer ! Et m\u00eame pour les plus grands de demander au Pape&#8230; pardon, de demander \u00e0 l&rsquo;\u00c9v\u00eaque, le sacrement de confirmation. Bien ! Jacques qui pr\u00e9pare les jeunes \u00e0 la confirmation va avoir du travail&#8230; Nous, pour f\u00eater la fin de l&rsquo;ann\u00e9e, on a juste d\u00e9gust\u00e9 les tartes, salades, cakes, g\u00e2teaux qu&rsquo;ils avaient tous pr\u00e9par\u00e9s de leurs petites mains (enfin presque !) et c\u2019est l\u2019un d\u2019eux qui nous a fait prier avant qu\u2019on ne commence \u00e0 manger. Merci \u00e0 tous !<\/p>\n","protected":false},"excerpt":{"rendered":"<p>Alors, on mange ? Les coll\u00e9giens ne se sont pas [&hellip;]<\/p>\n","protected":false},"author":1,"featured_media":13973,"comment_status":"closed","ping_status":"closed","sticky":false,"template":"","format":"standard","meta":[],"categories":[84,69],"tags":[],"jetpack_featured_media_url":"http:\/\/www.paroisse-aucamville-st-loup-cammas.fr\/site\/wp-content\/uploads\/repasAum\u00f4nerie16juin.jpg","_links":{"self":[{"href":"http:\/\/www.paroisse-aucamville-st-loup-cammas.fr\/site\/wp-json\/wp\/v2\/posts\/13982"}],"collection":[{"href":"http:\/\/www.paroisse-aucamville-st-loup-cammas.fr\/site\/wp-json\/wp\/v2\/posts"}],"about":[{"href":"http:\/\/www.paroisse-aucamville-st-loup-cammas.fr\/site\/wp-json\/wp\/v2\/types\/post"}],"author":[{"embeddable":true,"href":"http:\/\/www.paroisse-aucamville-st-loup-cammas.fr\/site\/wp-json\/wp\/v2\/users\/1"}],"replies":[{"embeddable":true,"href":"http:\/\/www.paroisse-aucamville-st-loup-cammas.fr\/site\/wp-json\/wp\/v2\/comments?post=13982"}],"version-history":[{"count":2,"href":"http:\/\/www.paroisse-aucamville-st-loup-cammas.fr\/site\/wp-json\/wp\/v2\/posts\/13982\/revisions"}],"predecessor-version":[{"id":13985,"href":"http:\/\/www.paroisse-aucamville-st-loup-cammas.fr\/site\/wp-json\/wp\/v2\/posts\/13982\/revisions\/13985"}],"wp:featuredmedia":[{"embeddable":true,"href":"http:\/\/www.paroisse-aucamville-st-loup-cammas.fr\/site\/wp-json\/wp\/v2\/media\/13973"}],"wp:attachment":[{"href":"http:\/\/www.paroisse-aucamville-st-loup-cammas.fr\/site\/wp-json\/wp\/v2\/media?parent=13982"}],"wp:term":[{"taxonomy":"category","embeddable":true,"href":"http:\/\/www.paroisse-aucamville-st-loup-cammas.fr\/site\/wp-json\/wp\/v2\/categories?post=13982"},{"taxonomy":"post_tag","embeddable":true,"href":"http:\/\/www.paroisse-aucamville-st-loup-cammas.fr\/site\/wp-json\/wp\/v2\/tags?post=13982"}],"curies":[{"name":"wp","href":"https:\/\/api.w.org\/{rel}","templated":true}]}}