{"id":14138,"date":"2017-08-30T17:02:19","date_gmt":"2017-08-30T16:02:19","guid":{"rendered":"http:\/\/www.paroisse-aucamville-st-loup-cammas.fr\/site\/?p=14138"},"modified":"2017-08-30T17:02:19","modified_gmt":"2017-08-30T16:02:19","slug":"fin-de-mission-a-leap","status":"publish","type":"post","link":"http:\/\/www.paroisse-aucamville-st-loup-cammas.fr\/site\/fin-de-mission-a-leap\/","title":{"rendered":"Fin de mission \u00e0 l\u2019EAP"},"content":{"rendered":"<blockquote><p>Apr\u00e8s trois ann\u00e9es pass\u00e9es \u00e0 l\u2019EAP, 5 de ses membres arrivent \u00e0 la fin de leur mission. Ressenti :<\/p><\/blockquote>\n<p>Ces trois ann\u00e9es pass\u00e9es \u00e0 l&rsquo;EAP (<a href=\"http:\/\/www.paroisse-aucamville-st-loup-cammas.fr\/site\/eap\/\">Equipe d\u2019Animation Pastorale<\/a>) \u00e9taient aussi celles du <a href=\"http:\/\/www.paroisse-aucamville-st-loup-cammas.fr\/site\/territoire\/\">redimensionnement de la paroisse<\/a>. D\u00e9couvrir la vie et fonctionnement d\u2019un ensemble paroissial en pleine mutation o\u00f9 les param\u00e8tres humains, professionnels, relationnels, pastoraux s\u2019entrelacent et s\u2019ajustent fut une exp\u00e9rience riche mais aussi \u00e9prouvante. Nous avons d\u00e9couvert les difficult\u00e9s et la complexit\u00e9 \u00e0 faire vivre ensemble des services, groupes bien diff\u00e9rents dans leur fonctionnement, leur histoire et leurs m\u00e9thodes, avec des habitudes bien ancr\u00e9es\u2026 Il a fallu d\u00e9passer les limites de nos communes pour \u00e9voluer dans l&rsquo;ensemble paroissial tout entier, plus vaste, qui va de Lalande \u00e0 Villari\u00e8s&#8230; dans la volont\u00e9 et le d\u00e9sir commun de bien faire, mieux faire&#8230; pour la communaut\u00e9, dans la suite du projet missionnaire \u201cTerritoires et Mission\u201d propos\u00e9 par notre dioc\u00e8se depuis 4 ans. Finalement avec la bonne volont\u00e9 de tous et surtout avec l&rsquo;aide du Saint Esprit ce nouvel ensemble paroissial prend vie, et nous nous en r\u00e9jouissons ! On le voit s\u2019agrandir ! Et nous nous r\u00e9jouissons de son potentiel et dynamisme missionnaire\u2026.<\/p>\n<p>La fraternit\u00e9 v\u00e9cue dans l&rsquo;\u00e9quipe, la confiance qui s&rsquo;installe au fur et \u00e0 mesure, c\u00e9l\u00e9brations, des r\u00e9unions et du temps pass\u00e9 ensemble\u2026.nous a soud\u00e9s. Les deux retraites \u00e0 l\u2019abbaye b\u00e9n\u00e9dictine Sainte Scholastique de Dourgne ont \u00e9galement permis de mieux se conna\u00eetre, de mieux \u00e9changer en profondeur, \u00e0 la parole de se lib\u00e9rer, au groupe de trouver son souffle, son rythme\u2026 et de se mettre un peu \u00e0 l\u2019\u00e9cart comme le recommande J\u00e9sus \u00e0 ses disciples. Nous avons appris, apr\u00e8s chaque d\u00e9bat, \u00e0 nous plier \u00e0 la d\u00e9cision de l&rsquo;\u00e9quipe, sous la conduite du cur\u00e9, notre pasteur. \u00c9couter les autres pour mieux se conna\u00eetre et grandir dans la foi. Les pri\u00e8res communes nous y ont beaucoup aid\u00e9s.<\/p>\n<p>Cette exp\u00e9rience au service de l\u2019ensemble paroissial a \u00e9t\u00e9 tr\u00e8s enrichissante et b\u00e9n\u00e9fique. Merci au <a href=\"http:\/\/www.paroisse-aucamville-st-loup-cammas.fr\/site\/les_pretres_et_diacre\/\">P\u00e8re Joseph<\/a>, notre cur\u00e9, de nous avoir appel\u00e9s et fait confiance et \u00e0 toute l&rsquo;\u00e9quipe pour ce que l&rsquo;on a v\u00e9cu ensemble.<\/p>\n","protected":false},"excerpt":{"rendered":"<p>Apr\u00e8s trois ann\u00e9es pass\u00e9es \u00e0 l\u2019EAP, 5 de ses membres [&hellip;]<\/p>\n","protected":false},"author":1,"featured_media":14140,"comment_status":"closed","ping_status":"closed","sticky":false,"template":"","format":"standard","meta":[],"categories":[88,69],"tags":[],"jetpack_featured_media_url":"http:\/\/www.paroisse-aucamville-st-loup-cammas.fr\/site\/wp-content\/uploads\/DSC_0058-1024x768.jpg","_links":{"self":[{"href":"http:\/\/www.paroisse-aucamville-st-loup-cammas.fr\/site\/wp-json\/wp\/v2\/posts\/14138"}],"collection":[{"href":"http:\/\/www.paroisse-aucamville-st-loup-cammas.fr\/site\/wp-json\/wp\/v2\/posts"}],"about":[{"href":"http:\/\/www.paroisse-aucamville-st-loup-cammas.fr\/site\/wp-json\/wp\/v2\/types\/post"}],"author":[{"embeddable":true,"href":"http:\/\/www.paroisse-aucamville-st-loup-cammas.fr\/site\/wp-json\/wp\/v2\/users\/1"}],"replies":[{"embeddable":true,"href":"http:\/\/www.paroisse-aucamville-st-loup-cammas.fr\/site\/wp-json\/wp\/v2\/comments?post=14138"}],"version-history":[{"count":1,"href":"http:\/\/www.paroisse-aucamville-st-loup-cammas.fr\/site\/wp-json\/wp\/v2\/posts\/14138\/revisions"}],"predecessor-version":[{"id":14143,"href":"http:\/\/www.paroisse-aucamville-st-loup-cammas.fr\/site\/wp-json\/wp\/v2\/posts\/14138\/revisions\/14143"}],"wp:featuredmedia":[{"embeddable":true,"href":"http:\/\/www.paroisse-aucamville-st-loup-cammas.fr\/site\/wp-json\/wp\/v2\/media\/14140"}],"wp:attachment":[{"href":"http:\/\/www.paroisse-aucamville-st-loup-cammas.fr\/site\/wp-json\/wp\/v2\/media?parent=14138"}],"wp:term":[{"taxonomy":"category","embeddable":true,"href":"http:\/\/www.paroisse-aucamville-st-loup-cammas.fr\/site\/wp-json\/wp\/v2\/categories?post=14138"},{"taxonomy":"post_tag","embeddable":true,"href":"http:\/\/www.paroisse-aucamville-st-loup-cammas.fr\/site\/wp-json\/wp\/v2\/tags?post=14138"}],"curies":[{"name":"wp","href":"https:\/\/api.w.org\/{rel}","templated":true}]}}