{"id":14270,"date":"2017-10-04T08:58:48","date_gmt":"2017-10-04T07:58:48","guid":{"rendered":"http:\/\/www.paroisse-aucamville-st-loup-cammas.fr\/site\/?p=14270"},"modified":"2017-10-04T09:12:42","modified_gmt":"2017-10-04T08:12:42","slug":"un-nouveau-diacre-et-un-nouveau-pretre-sur-notre-ensemble-paroissial","status":"publish","type":"post","link":"http:\/\/www.paroisse-aucamville-st-loup-cammas.fr\/site\/un-nouveau-diacre-et-un-nouveau-pretre-sur-notre-ensemble-paroissial\/","title":{"rendered":"Un nouveau diacre et un nouveau pr\u00eatre sur notre ensemble paroissial"},"content":{"rendered":"<p style=\"text-align: justify;\">Le nouveau diacre, nous le connaissons tous. Nous \u00e9tions nombreux \u00e0 l\u2019entourer, avec son \u00e9pouse et ses enfants, pour son ordination ce 24 septembre \u00e0 la Cath\u00e9drale Saint \u00c9tienne\u2026 et pour l\u2019accueillir ce dimanche 1er octobre \u00e0 Lalande pendant la messe et le repas partag\u00e9. <b>Il s\u2019agit de Michel Van de Weghe ! <\/b>Nous avons la chance d\u2019avoir d\u00e9sormais deux diacres -avec Jos\u00e9 Raisson- qui r\u00e9sident sur notre ensemble paroissial !<\/p>\n<p style=\"text-align: justify;\">Quant au nouveau pr\u00eatre, <b>le p\u00e8re Jean Paul ZOH,<\/b> il arrive de Centrafrique, du dioc\u00e8se de Bangui, pr\u00eatre <i>Fidei Donum<\/i> envoy\u00e9 dans le dioc\u00e8se de Toulouse. Il est nomm\u00e9 dans notre ensemble paroissial Aucamville-Saint-Loup Cammas comme pr\u00eatre coop\u00e9rateur. Il a besoin de nous pour conna\u00eetre la communaut\u00e9 paroissiale qu\u2019il d\u00e9sire servir, en communion avec les autres pr\u00eatres et diacres, et tous ceux qui sont engag\u00e9s. Faisons-lui bon accueil et rendons gr\u00e2ce au Seigneur pour les pr\u00eatres qu\u2019Il nous envoie. Nous croiserons aussi, de temps en temps, le p\u00e8re Augustin Martinez, pr\u00eatre lazariste, aum\u00f4nier de l\u2019EHPAD de La Cad\u00e8ne, et qui pourra rendre quelques services \u00e0 la communaut\u00e9 paroissiale, selon ses disponibilit\u00e9s. Et ne r\u00e9sistons pas au plaisir d\u2019\u00e9voquer aussi parmi nos pasteurs ou plut\u00f4t futur pasteur, <b>Amaury Civrac, s\u00e9minarist<\/b>e en route vers la pr\u00eatrise !<\/p>\n","protected":false},"excerpt":{"rendered":"<p>Le nouveau diacre, nous le connaissons tous. Nous \u00e9tions nombreux [&hellip;]<\/p>\n","protected":false},"author":1,"featured_media":14255,"comment_status":"closed","ping_status":"closed","sticky":false,"template":"","format":"standard","meta":[],"categories":[91,69],"tags":[],"jetpack_featured_media_url":"http:\/\/www.paroisse-aucamville-st-loup-cammas.fr\/site\/wp-content\/uploads\/les-nouveaux2.jpg","_links":{"self":[{"href":"http:\/\/www.paroisse-aucamville-st-loup-cammas.fr\/site\/wp-json\/wp\/v2\/posts\/14270"}],"collection":[{"href":"http:\/\/www.paroisse-aucamville-st-loup-cammas.fr\/site\/wp-json\/wp\/v2\/posts"}],"about":[{"href":"http:\/\/www.paroisse-aucamville-st-loup-cammas.fr\/site\/wp-json\/wp\/v2\/types\/post"}],"author":[{"embeddable":true,"href":"http:\/\/www.paroisse-aucamville-st-loup-cammas.fr\/site\/wp-json\/wp\/v2\/users\/1"}],"replies":[{"embeddable":true,"href":"http:\/\/www.paroisse-aucamville-st-loup-cammas.fr\/site\/wp-json\/wp\/v2\/comments?post=14270"}],"version-history":[{"count":3,"href":"http:\/\/www.paroisse-aucamville-st-loup-cammas.fr\/site\/wp-json\/wp\/v2\/posts\/14270\/revisions"}],"predecessor-version":[{"id":14273,"href":"http:\/\/www.paroisse-aucamville-st-loup-cammas.fr\/site\/wp-json\/wp\/v2\/posts\/14270\/revisions\/14273"}],"wp:featuredmedia":[{"embeddable":true,"href":"http:\/\/www.paroisse-aucamville-st-loup-cammas.fr\/site\/wp-json\/wp\/v2\/media\/14255"}],"wp:attachment":[{"href":"http:\/\/www.paroisse-aucamville-st-loup-cammas.fr\/site\/wp-json\/wp\/v2\/media?parent=14270"}],"wp:term":[{"taxonomy":"category","embeddable":true,"href":"http:\/\/www.paroisse-aucamville-st-loup-cammas.fr\/site\/wp-json\/wp\/v2\/categories?post=14270"},{"taxonomy":"post_tag","embeddable":true,"href":"http:\/\/www.paroisse-aucamville-st-loup-cammas.fr\/site\/wp-json\/wp\/v2\/tags?post=14270"}],"curies":[{"name":"wp","href":"https:\/\/api.w.org\/{rel}","templated":true}]}}