{"id":14296,"date":"2017-10-11T20:00:57","date_gmt":"2017-10-11T19:00:57","guid":{"rendered":"http:\/\/www.paroisse-aucamville-st-loup-cammas.fr\/site\/?p=14296"},"modified":"2018-01-28T20:12:57","modified_gmt":"2018-01-28T19:12:57","slug":"au-revoir-irenee","status":"publish","type":"post","link":"http:\/\/www.paroisse-aucamville-st-loup-cammas.fr\/site\/au-revoir-irenee\/","title":{"rendered":"Au revoir Ir\u00e9n\u00e9e"},"content":{"rendered":"<blockquote><p><span style=\"font-weight: 400;\">Suite au d\u00e9part d&rsquo;Ir\u00e9n\u00e9e Romanoff, s\u00e9minariste sur notre ensemble paroissial durant l&rsquo;ann\u00e9e pastorale 2017-2018, nous souhaitions recueillir ses impressions et dresser son portrait. Voici un petit interview fa\u00e7on \u201cmicro-trottoir\u201d r\u00e9alis\u00e9 par Ludovic Badibanga, membre de l\u2019\u00e9quipe communication.<\/span><\/p><\/blockquote>\n<p><b>Question : Bonjour Iren\u00e9e. Que devenez-vous maintenant ?<\/b><b><br \/>\n<\/b><b>Ir\u00e9n\u00e9e :<\/b><span style=\"font-weight: 400;\"> Bonjour, je rentre en premi\u00e8re ann\u00e9e au s\u00e9minaire de Saint-Cyprien \u00e0 Toulouse. Et je suis d\u00e9sormais en insertion sur l&rsquo;ensemble paroissial de l&rsquo;Isle-en-Dodon.<\/span><span style=\"font-weight: 400;\"><br \/>\n<\/span><b><\/b><\/p>\n<p><b>Question : L&rsquo;Isle-en-Dodon ?<\/b><span style=\"font-weight: 400;\"> (Rires)<\/span><span style=\"font-weight: 400;\"><br \/>\n<\/span><b>Ir\u00e9n\u00e9e<\/b><span style=\"font-weight: 400;\"> : Oui, c&rsquo;est du c\u00f4t\u00e9 de St-Gaudens.<\/span><span style=\"font-weight: 400;\"><br \/>\n<\/span><b><\/b><\/p>\n<p><b>Question : Pouvez-vous faire un petit rappel sur votre parcours assez atypique. Vous \u00eates ing\u00e9nieur je crois ?<\/b><b><br \/>\n<\/b><b>Ir\u00e9n\u00e9e <\/b><span style=\"font-weight: 400;\">: \u00a0Oui, j&rsquo;ai \u00e9t\u00e9 dipl\u00f4m\u00e9 en septembre 2016 en ing\u00e9nierie agronomique, et j&rsquo;ai travaill\u00e9 une ann\u00e9e \u00e0 Limoges en poursuivant des \u00e9tudes de s\u00e9minariste \u00e0 c\u00f4t\u00e9. J&rsquo;ai \u00e9t\u00e9 form\u00e9 un week-end par mois au s\u00e9minaire de Toulouse et le temps restant j&rsquo;\u00e9tais en immersion dans votre ensemble paroissial.<\/span><span style=\"font-weight: 400;\"><br \/>\n<\/span><b><\/b><\/p>\n<p><b>Question : Que retenez-vous de votre passage dans la paroisse ?<\/b><b><br \/>\n<\/b><b>Ir\u00e9n\u00e9e<\/b><span style=\"font-weight: 400;\"> : Ce qui m&rsquo;a le plus surpris, c&rsquo;est la tr\u00e8s grande diversit\u00e9 des personnes qui peuplent cet ensemble paroissial puisqu&rsquo;il couvre un vaste territoire, de Toulouse \u00e0 Villari\u00e8s. Ville et campagne. Et c&rsquo;est une chance pour les paroissiens que le P\u00e8re Joseph en soit le cur\u00e9, car il est un homme de proximit\u00e9. Il a cette facult\u00e9 \u00e0 bien s&rsquo;adapter.<\/span><span style=\"font-weight: 400;\"><br \/>\n<\/span><span style=\"font-weight: 400;\">Enfin, j\u2019ai grandement appr\u00e9ci\u00e9 le peu de temps pass\u00e9 au c\u00f4t\u00e9 de nos jeunes dans le cadre de l&rsquo;aum\u00f4nerie. De cette belle exp\u00e9rience aupr\u00e8s d\u2019eux, le p\u00e8lerinage de Lourdes en f\u00fbt le point d\u2019orgues. Un beau moment.<\/span><span style=\"font-weight: 400;\"><br \/>\n<\/span><b><\/b><\/p>\n<p><b>Question: Merci Ir\u00e9n\u00e9e. Nous vous accompagnons dans nos pri\u00e8res et vous souhaitons le meilleur. Que Dieu vous garde.<br \/>\n<\/b><\/p>\n<p><b><\/b><b>Ir\u00e9n\u00e9e<\/b><span style=\"font-weight: 400;\"> : Merci. Au revoir. <\/span><\/p>\n","protected":false},"excerpt":{"rendered":"<p>Suite au d\u00e9part d&rsquo;Ir\u00e9n\u00e9e Romanoff, s\u00e9minariste sur notre ensemble paroissial [&hellip;]<\/p>\n","protected":false},"author":1,"featured_media":14298,"comment_status":"closed","ping_status":"closed","sticky":false,"template":"","format":"standard","meta":[],"categories":[91,69],"tags":[],"jetpack_featured_media_url":"http:\/\/www.paroisse-aucamville-st-loup-cammas.fr\/site\/wp-content\/uploads\/RXX07R0.jpg","_links":{"self":[{"href":"http:\/\/www.paroisse-aucamville-st-loup-cammas.fr\/site\/wp-json\/wp\/v2\/posts\/14296"}],"collection":[{"href":"http:\/\/www.paroisse-aucamville-st-loup-cammas.fr\/site\/wp-json\/wp\/v2\/posts"}],"about":[{"href":"http:\/\/www.paroisse-aucamville-st-loup-cammas.fr\/site\/wp-json\/wp\/v2\/types\/post"}],"author":[{"embeddable":true,"href":"http:\/\/www.paroisse-aucamville-st-loup-cammas.fr\/site\/wp-json\/wp\/v2\/users\/1"}],"replies":[{"embeddable":true,"href":"http:\/\/www.paroisse-aucamville-st-loup-cammas.fr\/site\/wp-json\/wp\/v2\/comments?post=14296"}],"version-history":[{"count":2,"href":"http:\/\/www.paroisse-aucamville-st-loup-cammas.fr\/site\/wp-json\/wp\/v2\/posts\/14296\/revisions"}],"predecessor-version":[{"id":14301,"href":"http:\/\/www.paroisse-aucamville-st-loup-cammas.fr\/site\/wp-json\/wp\/v2\/posts\/14296\/revisions\/14301"}],"wp:featuredmedia":[{"embeddable":true,"href":"http:\/\/www.paroisse-aucamville-st-loup-cammas.fr\/site\/wp-json\/wp\/v2\/media\/14298"}],"wp:attachment":[{"href":"http:\/\/www.paroisse-aucamville-st-loup-cammas.fr\/site\/wp-json\/wp\/v2\/media?parent=14296"}],"wp:term":[{"taxonomy":"category","embeddable":true,"href":"http:\/\/www.paroisse-aucamville-st-loup-cammas.fr\/site\/wp-json\/wp\/v2\/categories?post=14296"},{"taxonomy":"post_tag","embeddable":true,"href":"http:\/\/www.paroisse-aucamville-st-loup-cammas.fr\/site\/wp-json\/wp\/v2\/tags?post=14296"}],"curies":[{"name":"wp","href":"https:\/\/api.w.org\/{rel}","templated":true}]}}