{"id":14386,"date":"2017-11-07T21:15:57","date_gmt":"2017-11-07T20:15:57","guid":{"rendered":"http:\/\/www.paroisse-aucamville-st-loup-cammas.fr\/site\/?p=14386"},"modified":"2018-01-28T20:12:55","modified_gmt":"2018-01-28T19:12:55","slug":"xxxie-dimanche-to-ann-a-ou-placer-notre-fierte","status":"publish","type":"post","link":"http:\/\/www.paroisse-aucamville-st-loup-cammas.fr\/site\/xxxie-dimanche-to-ann-a-ou-placer-notre-fierte\/","title":{"rendered":"XXXI\u00e8 dimanche TO-Ann. A \u00ab O\u00f9 placer notre fiert\u00e9 ? \u00bb"},"content":{"rendered":"<p><span style=\"font-weight: 400;\">Les scribes \u00e9taient \u00e0 l&rsquo;\u00e9poque de J\u00e9sus ceux qui connaissaient le mieux la Loi dite de Mo\u00efse, mais \u00e0 laquelle on avait ajout\u00e9 les pratiques faites pour les pr\u00eatres. Les pharisiens \u00e9taient des hommes tr\u00e8s religieux qui \u00e9taient fiers d&rsquo;observer la loi de Mo\u00efse, et se croyaient justes et sup\u00e9rieurs aux gens peu instruits, incapables de pratiquer des centaines de commandements. Pourtant la fiert\u00e9 est tr\u00e8s utile : si nous n&rsquo;avons pas de fiert\u00e9, nous ne pouvons rien annoncer au monde !<\/span><\/p>\n<p><span style=\"font-weight: 400;\">J\u00e9sus, lui, n&rsquo;est pas venu juger les hommes, mais les sauver. Malachie et les autres proph\u00e8tes d\u00e9noncent les graves erreurs du clerg\u00e9, des scribes et pharisiens. Comme eux, J\u00e9sus doit redire le m\u00eame message par rapport aux pharisiens : \u00ab ils disent et ne font pas ! \u00bb, ils font plein de choses pour Dieu, mais pas la volont\u00e9 de Dieu ! En fait, ils soignent surtout les apparences, ils se font passer pour des hommes religieux, mais ils n&rsquo;aiment pas vraiment Dieu, puisqu&rsquo;ils refusent d&rsquo;\u00eatre remis en question par J\u00e9sus. En fait, ils n&rsquo;aiment pas les hommes non plus, puisqu&rsquo;ils les jugent.<\/span><\/p>\n<p><span style=\"font-weight: 400;\">Et nous ? Est-ce que nous avons fait l&rsquo;exp\u00e9rience de l&rsquo;amour fou de Dieu pour nous ? Est-ce que nous aimons Dieu concr\u00e8tement ? Un peu ? Beaucoup ? Passionn\u00e9ment ?<\/span><\/p>\n<p><span style=\"font-weight: 400;\">Est-ce que nous prenons un moment chaque jour pour l&rsquo;\u00e9couter en lisant sa Parole ? Est-ce que nous lui parlons&#8230; de nos joies, de nos peines, des peines de nos fr\u00e8res ? Nous avons la chance dans nos paroisses de pouvoir trouver beaucoup d&rsquo;aide pour progresser dans la pri\u00e8re, dans la Bible, dans la connaissance de Dieu : plusieurs groupes de pri\u00e8re se r\u00e9unissent, un groupe de Bible tous les mois, des adorations chaque semaine, des enseignements chaque mois un jeudi soir&#8230; certains, heureux, arrivent \u00e0 prier et partager leur foi en couple ou en famille ou en petit groupe.<\/span><\/p>\n<p><span style=\"font-weight: 400;\">Et nous, est-ce que nous aimons les hommes et le monde concr\u00e8tement ? Un peu ? Beaucoup ? Passionn\u00e9ment ?<\/span><\/p>\n<p><span style=\"font-weight: 400;\">Ou est-ce que nous les jugeons ? Il ne s&rsquo;agit pas d&rsquo;imiter ce qui est tordu dans le monde, mais de discerner ce qui est bon, ce qui fait grandir l&rsquo;homme en enfant de Dieu. Certains sont fiers d&rsquo;eux-m\u00eames, ils sont insupportables. D&rsquo;autres sont honteux d&rsquo;eux-m\u00eames, ils sont douloureux. Que dit le psaume 130-131 de ce jour ? <\/span><i><span style=\"font-weight: 400;\">\u00ab\u00a0Seigneur, je n\u2019ai pas le c\u0153ur fier, ni le regard ambitieux\u00a0\u00bb<\/span><\/i><span style=\"font-weight: 400;\">, c&rsquo;est-\u00e0-dire que je ne suis pas fier de moi, mais que je tienne mon \u00e2me \u00e9gale et silencieuse ; mon \u00e2me est en moi comme un enfant, comme un petit enfant contre sa m\u00e8re. \u00catre fier d&rsquo;\u00eatre l&rsquo;enfant bien-aim\u00e9 du P\u00e8re, p\u00e9cheur et pardonn\u00e9, voil\u00e0 la seule attitude qui donne \u00e0 la fois assurance et humilit\u00e9. Voil\u00e0 le secret qui fait des saints.<\/span><\/p>\n<p><span style=\"font-weight: 400;\">Qu&rsquo;est-ce qui peut m&rsquo;aider ici \u00e0 aimer davantage les hommes sans les juger ? Il y a des lieux, par exemple \u00e0 la Maison de la Fraternit\u00e9, on partage ses joies et ses faiblesses, au Service \u00c9vang\u00e9lique des Malades (le SEM) et au Secours Catholique on apprend \u00e0 aider les personnes en difficult\u00e9 avec d\u00e9licatesse pour les aider \u00e0 se relever&#8230;<\/span><\/p>\n<p><span style=\"font-weight: 400;\">Peut-\u00eatre que cela nous arrive \u00e0 nous aussi, comme les pharisiens, de juger ce monde et nos proches et de me croire sup\u00e9rieur ou inf\u00e9rieur ? Ce serait une erreur. Je peux \u00eatre fier de mes dons, d&rsquo;intelligence ou autre, mais ils me sont donn\u00e9s par ma famille et par Dieu, c&rsquo;est lui que je dois remercier ; je peux \u00eatre fier de mes qualit\u00e9s acquises, de mes vertus (de patience, d&rsquo;honn\u00eatet\u00e9 ou autres), mais c&rsquo;est gr\u00e2ce \u00e0 Dieu que j&rsquo;ai pu les d\u00e9velopper, c&rsquo;est lui que je dois remercier ! Et si j&rsquo;ai des dons, est-ce que j&rsquo;en fais profiter mes fr\u00e8res \u00e0 100% ?<\/span><\/p>\n<p><span style=\"font-weight: 400;\">Notre \u00e9v\u00eaque nous invite \u00e0 former de petites fraternit\u00e9s locales pour nous entra\u00eener mutuellement \u00e0 aimer \u00e0 la fois Dieu et nos fr\u00e8res. Si notre fiert\u00e9 est bien plac\u00e9e, dans l&rsquo;enfant bien-aim\u00e9 du P\u00e8re, nous pouvons inviter d&rsquo;autres personnes \u00e0 partager ce bonheur ! C&rsquo;est cela, \u00e9vang\u00e9liser : rejoindre nos fr\u00e8res dans leurs joies et leurs soucis et \u00eatre des fr\u00e8res pour eux, et donc leur partager le bonheur d&rsquo;\u00eatre aim\u00e9s, leur partager en actes ou en paroles, selon les cas&#8230; mais dans la joie d&rsquo;\u00eatre aim\u00e9s de Dieu et la certitude que Dieu les aime jusque dans leurs faiblesses.<\/span><\/p>\n<p><span style=\"font-weight: 400;\">Demandons-lui maintenant sa gr\u00e2ce, pour accueillir son amour total, J\u00e9sus va jusqu&rsquo;\u00e0 donner sa vie pour moi, son corps, son sang, sa souffrance m\u00eame, pour me gu\u00e9rir de mes refus d&rsquo;amour ! Seigneur J\u00e9sus, apprends-moi \u00e0 voir tout ce que fait pour moi le P\u00e8re, \u00e0 le remercier, \u00e0 le louer \u00a0et aussi \u00e0 lui demander sa lumi\u00e8re pour d\u00e9couvrir sa volont\u00e9 d&rsquo;amour, lui demander sa gr\u00e2ce pour faire un peu de bien autour de moi malgr\u00e9 ma faiblesse.<\/span><\/p>\n","protected":false},"excerpt":{"rendered":"<p>Les scribes \u00e9taient \u00e0 l&rsquo;\u00e9poque de J\u00e9sus ceux qui connaissaient [&hellip;]<\/p>\n","protected":false},"author":7,"featured_media":0,"comment_status":"closed","ping_status":"closed","sticky":false,"template":"","format":"standard","meta":[],"categories":[68],"tags":[],"jetpack_featured_media_url":"","_links":{"self":[{"href":"http:\/\/www.paroisse-aucamville-st-loup-cammas.fr\/site\/wp-json\/wp\/v2\/posts\/14386"}],"collection":[{"href":"http:\/\/www.paroisse-aucamville-st-loup-cammas.fr\/site\/wp-json\/wp\/v2\/posts"}],"about":[{"href":"http:\/\/www.paroisse-aucamville-st-loup-cammas.fr\/site\/wp-json\/wp\/v2\/types\/post"}],"author":[{"embeddable":true,"href":"http:\/\/www.paroisse-aucamville-st-loup-cammas.fr\/site\/wp-json\/wp\/v2\/users\/7"}],"replies":[{"embeddable":true,"href":"http:\/\/www.paroisse-aucamville-st-loup-cammas.fr\/site\/wp-json\/wp\/v2\/comments?post=14386"}],"version-history":[{"count":1,"href":"http:\/\/www.paroisse-aucamville-st-loup-cammas.fr\/site\/wp-json\/wp\/v2\/posts\/14386\/revisions"}],"predecessor-version":[{"id":14387,"href":"http:\/\/www.paroisse-aucamville-st-loup-cammas.fr\/site\/wp-json\/wp\/v2\/posts\/14386\/revisions\/14387"}],"wp:attachment":[{"href":"http:\/\/www.paroisse-aucamville-st-loup-cammas.fr\/site\/wp-json\/wp\/v2\/media?parent=14386"}],"wp:term":[{"taxonomy":"category","embeddable":true,"href":"http:\/\/www.paroisse-aucamville-st-loup-cammas.fr\/site\/wp-json\/wp\/v2\/categories?post=14386"},{"taxonomy":"post_tag","embeddable":true,"href":"http:\/\/www.paroisse-aucamville-st-loup-cammas.fr\/site\/wp-json\/wp\/v2\/tags?post=14386"}],"curies":[{"name":"wp","href":"https:\/\/api.w.org\/{rel}","templated":true}]}}