{"id":14389,"date":"2017-11-07T21:24:56","date_gmt":"2017-11-07T20:24:56","guid":{"rendered":"http:\/\/www.paroisse-aucamville-st-loup-cammas.fr\/site\/?p=14389"},"modified":"2018-01-28T20:12:54","modified_gmt":"2018-01-28T19:12:54","slug":"journee-nationale-du-secours-catholique-19-novembre-2017","status":"publish","type":"post","link":"http:\/\/www.paroisse-aucamville-st-loup-cammas.fr\/site\/journee-nationale-du-secours-catholique-19-novembre-2017\/","title":{"rendered":"Journ\u00e9e nationale du Secours Catholique, 19 novembre 2017"},"content":{"rendered":"<div class=\"fusion-fullwidth fullwidth-box hundred-percent-fullwidth non-hundred-percent-height-scrolling\"  style='background-color: rgba(255,255,255,0);background-position: center center;background-repeat: no-repeat;padding-top:0px;padding-right:0px;padding-bottom:0px;padding-left:0px;'><div class=\"fusion-builder-row fusion-row \"><div  class=\"fusion-layout-column fusion_builder_column fusion_builder_column_1_1  fusion-one-full fusion-column-first fusion-column-last fusion-column-no-min-height 1_1\"  style='margin-top:0px;margin-bottom:0px;'>\n\t\t\t\t\t<div class=\"fusion-column-wrapper\" style=\"background-position:left top;background-repeat:no-repeat;-webkit-background-size:cover;-moz-background-size:cover;-o-background-size:cover;background-size:cover;\"  data-bg-url=\"\">\n\t\t\t\t\t\t<div class=\"fusion-text\"><blockquote>\n<p><span style=\"font-weight: 400;\">\u00ab Avec les pauvres, accueillir l\u2019essence de l\u2019\u00c9vangile \u00bb<\/span><\/p>\n<\/blockquote>\n<p><i><span style=\"font-weight: 400;\">\u00ab Partager avec les pauvres nous permet de comprendre l\u2019\u00c9vangile dans sa v\u00e9rit\u00e9 la plus profonde. Les pauvres ne sont pas un probl\u00e8me : ils sont une ressource o\u00f9 il faut puiser pour accueillir et vivre l\u2019essence de l\u2019\u00c9vangile \u00bb<\/span><\/i><span style=\"font-weight: 400;\">. Ainsi s&rsquo;exprime le pape Fran\u00e7ois \u00e0 l&rsquo;occasion de l&rsquo;institution de la Journ\u00e9e mondiale des Pauvres : dimanche 19 novembre 2017. Il avait accueilli \u00e0 Rome en novembre 2016 plus de 3 000 personnes sans abri ou en situation pr\u00e9caire, lors du rassemblement Fratello. La Journ\u00e9e nationale du Secours Catholique co\u00efncide cette ann\u00e9e avec cette journ\u00e9e. Le <a href=\"http:\/\/www.paroisse-aucamville-st-loup-cammas.fr\/site\/secours-catholique\/\">Secours Catholique<\/a> est en France un service d\u2019\u00c9glise qui a re\u00e7u mission de \u00ab faire rayonner la charit\u00e9 chr\u00e9tienne \u00bb et d\u2019aider \u00e0 vivre la diaconie de l\u2019\u00c9glise. C\u2019est une gr\u00e2ce que la nouvelle Journ\u00e9e mondiale des Pauvres tombe en m\u00eame temps que la journ\u00e9e et la collecte nationale du Secours Catholique. Les dons recueillis financeront son action aupr\u00e8s des familles pr\u00e9caires, des personnes isol\u00e9es, mal log\u00e9es, des enfants et des jeunes en difficult\u00e9s. Sur l&rsquo;<a href=\"http:\/\/www.paroisse-aucamville-st-loup-cammas.fr\/site\/communaute\/\">ensemble paroissial Aucamville-Saint-Loup-Cammas<\/a>, les b\u00e9n\u00e9voles du Secours catholique accueillent et soutiennent les familles les plus d\u00e9munis \u00e0 travers l&rsquo;\u00e9picerie solidaire, \u00ab le Panier de Castel \u00bb, et la vestiaire \u00ab La Boussole \u00bb \u00e0 Aucamville. Soyons g\u00e9n\u00e9reux.<\/span><\/p>\n<p><b>Sur notre photo : Beno\u00eet Miotto, un des responsables de l\u2019\u00e9quipe locale du Secours catholique fait visiter l\u2019\u00e9picerie sociale aux jeunes de l\u2019aum\u00f4nerie.<\/b><\/p>\n<\/div><div class=\"fusion-clearfix\"><\/div>\n\n\t\t\t\t\t<\/div>\n\t\t\t\t<\/div><div  class=\"fusion-layout-column fusion_builder_column fusion_builder_column_1_1  fusion-one-full fusion-column-first fusion-column-last fusion-column-no-min-height 1_1\"  style='margin-top:0px;margin-bottom:0px;'>\n\t\t\t\t\t<div class=\"fusion-column-wrapper\" style=\"background-position:left top;background-repeat:no-repeat;-webkit-background-size:cover;-moz-background-size:cover;-o-background-size:cover;background-size:cover;\"  data-bg-url=\"\">\n\t\t\t\t\t\t<div class=\"fusion-testimonials classic fusion-testimonials-1\" data-random=\"0\" data-speed=\"4000\"><style type=\"text\/css\" scoped=\"scoped\">#fusion-testimonials-1 a{border-color:#747474;}#fusion-testimonials-1 a:hover, #fusion-testimonials-1 .activeSlide{background-color: #747474;}.fusion-testimonials.classic.fusion-testimonials-1 .author:after{border-top-color:#f6f6f6 !important;}<\/style><div class=\"reviews\"><div class=\"review avatar-image\"><blockquote><q style=\"background-color:#f6f6f6;color:#747474;\" class=\"fusion-clearfix\">\u00ab Au terme du Jubil\u00e9 de la Mis\u00e9ricorde, j\u2019ai voulu offrir \u00e0 l\u2019\u00c9glise la Journ\u00e9e mondiale des Pauvres, afin que dans le monde entier les communaut\u00e9s chr\u00e9tiennes deviennent toujours davantage et mieux signe concret de la charit\u00e9 du Christ pour ceux qui sont le plus dans le besoin. Je souhaite que les communaut\u00e9s chr\u00e9tiennes, au cours de la semaine qui pr\u00e9c\u00e8de la Journ\u00e9e mondiale des Pauvres, qui cette ann\u00e9e sera le 19 novembre, 33e dimanche du temps ordinaire, \u0153uvrent pour cr\u00e9er de nombreux moments de rencontre et d\u2019amiti\u00e9, de solidarit\u00e9 et d\u2019aide concr\u00e8te. Ils pourront, ensuite, inviter les pauvres et les volontaires \u00e0 participer ensemble \u00e0 l\u2019eucharistie de ce dimanche. Que cette nouvelle Journ\u00e9e mondiale devienne un appel fort \u00e0 notre conscience de croyants pour que nous soyons plus convaincus que partager avec les pauvres nous permet de comprendre l\u2019\u00c9vangile dans sa v\u00e9rit\u00e9 la plus profonde. Les pauvres ne sont pas un probl\u00e8me : ils sont une ressource o\u00f9 il faut puiser pour accueillir et vivre l\u2019essence de l\u2019\u00c9vangile \u00bb.<\/q><\/blockquote><div class=\"author\" style=\"color:#747474;\"><span class=\"testimonial-thumbnail\"><img class=\"testimonial-image\" src=\"http:\/\/www.paroisse-aucamville-st-loup-cammas.fr\/site\/wp-content\/uploads\/pape-francois.png\" width=\"300\" height=\"300\" \/><\/span><span class=\"company-name\"><strong>Pape Fran\u00e7ois<\/strong><\/span><\/div><\/div><\/div><\/div><div class=\"fusion-clearfix\"><\/div>\n\n\t\t\t\t\t<\/div>\n\t\t\t\t<\/div><\/div><\/div>\n","protected":false},"excerpt":{"rendered":"","protected":false},"author":1,"featured_media":14391,"comment_status":"closed","ping_status":"closed","sticky":false,"template":"","format":"standard","meta":[],"categories":[92,69],"tags":[],"jetpack_featured_media_url":"http:\/\/www.paroisse-aucamville-st-loup-cammas.fr\/site\/wp-content\/uploads\/CollecteSecoursCatho.jpg","_links":{"self":[{"href":"http:\/\/www.paroisse-aucamville-st-loup-cammas.fr\/site\/wp-json\/wp\/v2\/posts\/14389"}],"collection":[{"href":"http:\/\/www.paroisse-aucamville-st-loup-cammas.fr\/site\/wp-json\/wp\/v2\/posts"}],"about":[{"href":"http:\/\/www.paroisse-aucamville-st-loup-cammas.fr\/site\/wp-json\/wp\/v2\/types\/post"}],"author":[{"embeddable":true,"href":"http:\/\/www.paroisse-aucamville-st-loup-cammas.fr\/site\/wp-json\/wp\/v2\/users\/1"}],"replies":[{"embeddable":true,"href":"http:\/\/www.paroisse-aucamville-st-loup-cammas.fr\/site\/wp-json\/wp\/v2\/comments?post=14389"}],"version-history":[{"count":3,"href":"http:\/\/www.paroisse-aucamville-st-loup-cammas.fr\/site\/wp-json\/wp\/v2\/posts\/14389\/revisions"}],"predecessor-version":[{"id":14767,"href":"http:\/\/www.paroisse-aucamville-st-loup-cammas.fr\/site\/wp-json\/wp\/v2\/posts\/14389\/revisions\/14767"}],"wp:featuredmedia":[{"embeddable":true,"href":"http:\/\/www.paroisse-aucamville-st-loup-cammas.fr\/site\/wp-json\/wp\/v2\/media\/14391"}],"wp:attachment":[{"href":"http:\/\/www.paroisse-aucamville-st-loup-cammas.fr\/site\/wp-json\/wp\/v2\/media?parent=14389"}],"wp:term":[{"taxonomy":"category","embeddable":true,"href":"http:\/\/www.paroisse-aucamville-st-loup-cammas.fr\/site\/wp-json\/wp\/v2\/categories?post=14389"},{"taxonomy":"post_tag","embeddable":true,"href":"http:\/\/www.paroisse-aucamville-st-loup-cammas.fr\/site\/wp-json\/wp\/v2\/tags?post=14389"}],"curies":[{"name":"wp","href":"https:\/\/api.w.org\/{rel}","templated":true}]}}