{"id":14694,"date":"2018-01-22T21:45:50","date_gmt":"2018-01-22T20:45:50","guid":{"rendered":"http:\/\/www.paroisse-aucamville-st-loup-cammas.fr\/site\/?p=14694"},"modified":"2018-01-28T20:05:47","modified_gmt":"2018-01-28T19:05:47","slug":"b-iiie-to-dieu-nous-sauvera-si-nous-le-voulons","status":"publish","type":"post","link":"http:\/\/www.paroisse-aucamville-st-loup-cammas.fr\/site\/b-iiie-to-dieu-nous-sauvera-si-nous-le-voulons\/","title":{"rendered":"B &#8211; IIIe TO &#8211; \u00ab Dieu nous sauvera\u2026 si nous le voulons ! \u00bb"},"content":{"rendered":"<p style=\"text-align: justify;\"><span style=\"font-weight: 400;\">Jonas est l&rsquo;anti-proph\u00e8te \u00e0 ne pas imiter : Le Seigneur lui demande d&rsquo;aller \u00e0 Ninive inviter les habitants \u00e0 sortir de leur p\u00e9ch\u00e9 ; que fait Jonas ? Jonas part de l&rsquo;autre c\u00f4t\u00e9, il prend le bateau, mais un bateau qui part \u00e0 l&rsquo;oppos\u00e9&#8230; alors il va \u00eatre rattrap\u00e9 par une temp\u00eate terrible, tous les pa\u00efens se mettent \u00e0 prier leurs dieux, mais Jonas dort au fond du bateau. On le r\u00e9veille, on l&rsquo;interroge, il avoue qu&rsquo;il fuit Dieu et qu&rsquo;il est responsable de la temp\u00eate&#8230; Tiens, \u00e7a ressemble aux temp\u00eates d&rsquo;aujourd&rsquo;hui, dont nous sommes responsables nous aussi par notre consommation effr\u00e9n\u00e9e, qui r\u00e9chauffe le climat&#8230; saint Paul nous dit aussi aujourd&rsquo;hui : \u00ab que ceux qui font des achats soient comme s&rsquo;ils ne poss\u00e9daient rien ! \u00bb qu&rsquo;est-ce que \u00e7a veut dire ? qu&rsquo;en r\u00e9alit\u00e9 tout appartient \u00e0 Dieu, c&rsquo;est lui qui a tout cr\u00e9\u00e9 ! mais c&rsquo;est \u00e0 nous de g\u00e9rer la terre en partageant avec les pauvres, nous ne sommes que des g\u00e9rants maladroits, et malhonn\u00eates si nous cherchons \u00e0 poss\u00e9der et \u00e0 nous enrichir. Nous ne sommes que des g\u00e9rants, pas les vrais propri\u00e9taires.<\/span><\/p>\n<p style=\"text-align: justify;\"><span style=\"font-weight: 400;\">Donc Jonas est d\u00e9masqu\u00e9, on le jette \u00e0 l&rsquo;eau, le poisson l&rsquo;avale (un tel poisson n&rsquo;existe pas, on voit bien que c&rsquo;est un conte, mais un conte qui illustre la v\u00e9rit\u00e9) et apr\u00e8s 3 jours et 3 nuits il est recrach\u00e9, et o\u00f9 ?&#8230; devant Ninive ! Jonas, peu convaincu, parcourt \u00e0 peine un tiers de la ville avec une mauvaise nouvelle : \u00ab<\/span><i><span style=\"font-weight: 400;\">Encore quarante jours, et Ninive sera d\u00e9truite ! \u00bb Aussit\u00f4t, les gens de Ninive crurent en Dieu. Ils annonc\u00e8rent un je\u00fbne <\/span><\/i><span style=\"font-weight: 400;\">\u00bb <\/span><span style=\"font-weight: 400;\">et se d\u00e9tourn\u00e8rent de leur conduite mauvaise ! Et Dieu change d&rsquo;avis, il ne d\u00e9truit pas Ninive. Si nous continuons \u00e0 vivre de la m\u00eame fa\u00e7on, si nos consommations d&rsquo;\u00e9nergie continuent \u00e0 augmenter au rythme actuel, le niveau des mers montera de 1 m\u00e8tre d\u2019ici la fin du si\u00e8cle<\/span> <i><span style=\"font-weight: 400;\">(cf. Le Monde du 31 mars 2016)<\/span><\/i><span style=\"font-weight: 400;\">, Un m\u00e8tre, cela semble peu si on habite loin des oc\u00e9ans, mais les pays les plus pauvres ont des r\u00e9gions c\u00f4ti\u00e8res tr\u00e8s peupl\u00e9es et vont \u00eatre les plus touch\u00e9s par la hausse du niveau des oc\u00e9ans. Si les oc\u00e9ans montent de 1 m\u00e8tre, ce sera l&rsquo;inondation de la moiti\u00e9 de la surface du Bangladesh, et la moiti\u00e9 la plus peupl\u00e9e de ce pays de 165 millions d&rsquo;habitants. Et o\u00f9 iront-ils ? Quand les proph\u00e8tes annoncent une mauvaise nouvelle, c&rsquo;est pour qu&rsquo;elle n&rsquo;arrive pas, que chacun change d&rsquo;attitude ! Annon\u00e7ons la bonne nouvelle, c&rsquo;est que Dieu nous aime et nous sauvera, il nous aidera \u00e0 changer, <\/span><b>si<\/b><span style=\"font-weight: 400;\"> nous le voulons, non pas par peur, mais par solidarit\u00e9 avec les plus pauvres, en particulier ceux qui re\u00e7oivent des cyclones de plus en plus nombreux.<\/span><\/p>\n<p style=\"text-align: justify;\"><span style=\"font-weight: 400;\">L&rsquo;\u00e9vangile de ce jour nous montre J\u00e9sus proclamant justement la Bonne Nouvelle, que le R\u00e8gne de Dieu arrive enfin, cela fait des si\u00e8cles et des si\u00e8cles qu&rsquo;Isra\u00ebl souffre sous des rois injustes. \u00ab <\/span><i><span style=\"font-weight: 400;\">Convertissez-vous et croyez \u00e0 l\u2019\u00c9vangile !<\/span><\/i><span style=\"font-weight: 400;\"> \u00bb \u00c9vangile veut dire heureux message, bonne nouvelle.<\/span> <span style=\"font-weight: 400;\">Et J\u00e9sus le roi d&rsquo;amour embauche aussit\u00f4t ses ministres. Mais il ne choisit pas des gens capables de gouverner avec lui, il choisit des gens ordinaires, des gens comme nous ! C&rsquo;est l&rsquo;Esprit saint qui les rendra capables, apr\u00e8s des ann\u00e9es v\u00e9cues avec J\u00e9sus, apr\u00e8s la Passion et la R\u00e9surrection, ils seront capables de t\u00e9moigner le jour de la Pentec\u00f4te. Pour l&rsquo;instant ils sont appel\u00e9s \u00e0 entrer en formation, mais d\u00e9j\u00e0 ils disent oui, ils l\u00e2chent leurs filets habituels pour apprendre le nouveau m\u00e9tier de p\u00e9cheurs d&rsquo;hommes, ils suivent J\u00e9sus. Et nous, qu&rsquo;est-ce que nous pouvons l\u00e2cher aujourd&rsquo;hui pour suivre J\u00e9sus ?<\/span><\/p>\n<p style=\"text-align: justify;\"><span style=\"font-weight: 400;\">Aujourd&rsquo;hui l\u2019\u00c9glise nous appelle \u00e0 prier pour l&rsquo;unit\u00e9 des chr\u00e9tiens, pour arr\u00eater ce scandale de la division de l\u2019\u00c9glise. L\u00e2chons nos id\u00e9es que nous n&rsquo;avons rien \u00e0 recevoir des autres \u00e9glises ! Je viens de faire connaissance avec les responsables d&rsquo;une \u00e9glise protestante \u00e9vang\u00e9lique franco-espagnole qui tient \u00e0 Saint-Alban une brocante avec des personnes qui sortent de la drogue (en face du garage Peugeot). Pendant les 15 premiers jours, les personnes sont accompagn\u00e9es 24 heures sur 24 par un ancien drogu\u00e9, ils participent chaque jour \u00e0 des r\u00e9unions de t\u00e9moignages et de pri\u00e8re, puis on leur donne acc\u00e8s \u00e0 une formation professionnelle&#8230; et au bout d&rsquo;un an ou deux ils peuvent voler de leurs propres ailes. A Launaguet, chemin de Boudou, une ancienne chapelle d\u00e9saffect\u00e9e a \u00e9t\u00e9 restaur\u00e9e par des chr\u00e9tiens orthodoxes&#8230; \u00e0 la Maison de la Fraternit\u00e9 nous avons \u00e9chang\u00e9 et pri\u00e9 hier avec un couple de protestants \u00e9vang\u00e9liques. Aujourd&rsquo;hui rencontrons-nous, r\u00e9concilions-nous, demande notre pape, n&rsquo;ayons plus peur les uns des autres. C&rsquo;est la pri\u00e8re de J\u00e9sus : <\/span><span style=\"font-weight: 400;\">\u00a0<\/span><i><span style=\"font-weight: 400;\">Que tous soient un, comme toi, P\u00e8re, tu es en moi, et moi en toi. Qu\u2019ils soient un en nous, eux aussi, pour que le monde croie que tu m\u2019as envoy\u00e9<\/span><\/i><span style=\"font-weight: 400;\">.<\/span><span style=\"font-weight: 400;\"> Si les chr\u00e9tiens ne s&rsquo;aiment pas les uns les autres, s&rsquo;ils restent divis\u00e9s, l\u2019\u00c9vangile est contredit, il est sans valeur. Si les chr\u00e9tiens se r\u00e9concilient, le monde va s&rsquo;int\u00e9resser \u00e0 nouveau aux chr\u00e9tiens capables de vivre l&rsquo;unit\u00e9 dans la diversit\u00e9, c&rsquo;est ce que recherchent beaucoup d&rsquo; hommes : <\/span><i><span style=\"font-weight: 400;\">Que tous soient un, pour que le monde croie !(Jn 17,21)<\/span><\/i><\/p>\n","protected":false},"excerpt":{"rendered":"<p>Jonas est l&rsquo;anti-proph\u00e8te \u00e0 ne pas imiter : Le Seigneur [&hellip;]<\/p>\n","protected":false},"author":7,"featured_media":0,"comment_status":"closed","ping_status":"closed","sticky":false,"template":"","format":"standard","meta":[],"categories":[68],"tags":[],"jetpack_featured_media_url":"","_links":{"self":[{"href":"http:\/\/www.paroisse-aucamville-st-loup-cammas.fr\/site\/wp-json\/wp\/v2\/posts\/14694"}],"collection":[{"href":"http:\/\/www.paroisse-aucamville-st-loup-cammas.fr\/site\/wp-json\/wp\/v2\/posts"}],"about":[{"href":"http:\/\/www.paroisse-aucamville-st-loup-cammas.fr\/site\/wp-json\/wp\/v2\/types\/post"}],"author":[{"embeddable":true,"href":"http:\/\/www.paroisse-aucamville-st-loup-cammas.fr\/site\/wp-json\/wp\/v2\/users\/7"}],"replies":[{"embeddable":true,"href":"http:\/\/www.paroisse-aucamville-st-loup-cammas.fr\/site\/wp-json\/wp\/v2\/comments?post=14694"}],"version-history":[{"count":2,"href":"http:\/\/www.paroisse-aucamville-st-loup-cammas.fr\/site\/wp-json\/wp\/v2\/posts\/14694\/revisions"}],"predecessor-version":[{"id":14698,"href":"http:\/\/www.paroisse-aucamville-st-loup-cammas.fr\/site\/wp-json\/wp\/v2\/posts\/14694\/revisions\/14698"}],"wp:attachment":[{"href":"http:\/\/www.paroisse-aucamville-st-loup-cammas.fr\/site\/wp-json\/wp\/v2\/media?parent=14694"}],"wp:term":[{"taxonomy":"category","embeddable":true,"href":"http:\/\/www.paroisse-aucamville-st-loup-cammas.fr\/site\/wp-json\/wp\/v2\/categories?post=14694"},{"taxonomy":"post_tag","embeddable":true,"href":"http:\/\/www.paroisse-aucamville-st-loup-cammas.fr\/site\/wp-json\/wp\/v2\/tags?post=14694"}],"curies":[{"name":"wp","href":"https:\/\/api.w.org\/{rel}","templated":true}]}}