{"id":14899,"date":"2018-02-25T21:11:51","date_gmt":"2018-02-25T20:11:51","guid":{"rendered":"http:\/\/www.paroisse-aucamville-st-loup-cammas.fr\/site\/?p=14899"},"modified":"2018-02-25T21:12:42","modified_gmt":"2018-02-25T20:12:42","slug":"careme-un-temps-pour-se-mettre-a-lecoute-du-pere","status":"publish","type":"post","link":"http:\/\/www.paroisse-aucamville-st-loup-cammas.fr\/site\/careme-un-temps-pour-se-mettre-a-lecoute-du-pere\/","title":{"rendered":"Car\u00eame, un temps pour se mettre \u00e0 l&rsquo;\u00e9coute du P\u00e8re"},"content":{"rendered":"<p style=\"text-align: justify;\"><span style=\"font-weight: 400;\">La Parole de Dieu de ce deuxi\u00e8me dimanche de Car\u00eame nous donne deux r\u00e9v\u00e9lations importantes :<\/span><\/p>\n<p style=\"text-align: justify;\"><span style=\"font-weight: 400;\">Dieu r\u00e9v\u00e8le \u00e0 Abraham quelle est sa Volont\u00e9. Et Abraham est un homme de foi. Il est pr\u00eat \u00e0 sacrifier son fils car il sait que le P\u00e8re le ressuscitera. Le P\u00e8re dans son amour est exigeant, mais seulement pour nous faire grandir et vivre, et non pour satisfaire son caprice, comme les dieux grecs. Cette histoire est celle du non-sacrifice d&rsquo;Abraham : Dieu ne veut pas la mort, mais plus de vie.<\/span><\/p>\n<p style=\"text-align: justify;\"><span style=\"font-weight: 400;\">Dans le r\u00e9cit de la transfiguration, J\u00e9sus r\u00e9v\u00e8le sa double nature qui lui permet d&rsquo;\u00eatre notre Sauveur. J\u00e9sus aime ses disciples, il les \u00e9claire, et il les pr\u00e9pare aux chocs qu&rsquo;ils vont vivre : ce Messie qu&rsquo;ils d\u00e9couvrent va bient\u00f4t \u00eatre tortur\u00e9 et tu\u00e9\u2026 Ce J\u00e9sus qu&rsquo;ils voient transfigur\u00e9, va \u00eatre d\u00e9figur\u00e9 \u00e0 la Passion, il va \u00eatre tu\u00e9 puis ressuscit\u00e9, mais il s&rsquo;offre volontairement, pour vaincre la haine et la violence !<\/span><\/p>\n<p style=\"text-align: justify;\"><span style=\"font-weight: 400;\">Accueillons l&rsquo;amour de J\u00e9sus qui se pr\u00e9pare \u00e0 se donner tout entier, corps et sang, et choisit ses t\u00e9moins. Nous sommes ces t\u00e9moins. Commen\u00e7ons par \u00e9couter la voix du P\u00e8re : \u00ab Celui-ci est mon Fils bien-aim\u00e9 : \u00e9coutez-le ! \u00bb. Mettons-nous \u00e0 l&rsquo;\u00e9coute de Dieu chaque jour, 10 minutes, une heure\u2026 Le car\u00eame est un temps pour cela !<\/span><\/p>\n","protected":false},"excerpt":{"rendered":"<p>La Parole de Dieu de ce deuxi\u00e8me dimanche de Car\u00eame [&hellip;]<\/p>\n","protected":false},"author":7,"featured_media":0,"comment_status":"closed","ping_status":"closed","sticky":false,"template":"","format":"standard","meta":[],"categories":[63],"tags":[],"jetpack_featured_media_url":"","_links":{"self":[{"href":"http:\/\/www.paroisse-aucamville-st-loup-cammas.fr\/site\/wp-json\/wp\/v2\/posts\/14899"}],"collection":[{"href":"http:\/\/www.paroisse-aucamville-st-loup-cammas.fr\/site\/wp-json\/wp\/v2\/posts"}],"about":[{"href":"http:\/\/www.paroisse-aucamville-st-loup-cammas.fr\/site\/wp-json\/wp\/v2\/types\/post"}],"author":[{"embeddable":true,"href":"http:\/\/www.paroisse-aucamville-st-loup-cammas.fr\/site\/wp-json\/wp\/v2\/users\/7"}],"replies":[{"embeddable":true,"href":"http:\/\/www.paroisse-aucamville-st-loup-cammas.fr\/site\/wp-json\/wp\/v2\/comments?post=14899"}],"version-history":[{"count":1,"href":"http:\/\/www.paroisse-aucamville-st-loup-cammas.fr\/site\/wp-json\/wp\/v2\/posts\/14899\/revisions"}],"predecessor-version":[{"id":14900,"href":"http:\/\/www.paroisse-aucamville-st-loup-cammas.fr\/site\/wp-json\/wp\/v2\/posts\/14899\/revisions\/14900"}],"wp:attachment":[{"href":"http:\/\/www.paroisse-aucamville-st-loup-cammas.fr\/site\/wp-json\/wp\/v2\/media?parent=14899"}],"wp:term":[{"taxonomy":"category","embeddable":true,"href":"http:\/\/www.paroisse-aucamville-st-loup-cammas.fr\/site\/wp-json\/wp\/v2\/categories?post=14899"},{"taxonomy":"post_tag","embeddable":true,"href":"http:\/\/www.paroisse-aucamville-st-loup-cammas.fr\/site\/wp-json\/wp\/v2\/tags?post=14899"}],"curies":[{"name":"wp","href":"https:\/\/api.w.org\/{rel}","templated":true}]}}