{"id":14989,"date":"2018-03-21T08:09:03","date_gmt":"2018-03-21T07:09:03","guid":{"rendered":"http:\/\/www.paroisse-aucamville-st-loup-cammas.fr\/site\/?p=14989"},"modified":"2018-03-21T08:09:03","modified_gmt":"2018-03-21T07:09:03","slug":"generosite-soiree-bol-de-riz-vendredi-23-mars-a-la-salle-des-fetes-de-saint-alban","status":"publish","type":"post","link":"http:\/\/www.paroisse-aucamville-st-loup-cammas.fr\/site\/generosite-soiree-bol-de-riz-vendredi-23-mars-a-la-salle-des-fetes-de-saint-alban\/","title":{"rendered":"G\u00e9n\u00e9rosit\u00e9 : Soir\u00e9e \u00ab bol de riz \u00bb, vendredi 23 mars \u00e0 la salle des f\u00eates de Saint-Alban"},"content":{"rendered":"<div class=\"fusion-fullwidth fullwidth-box nonhundred-percent-fullwidth non-hundred-percent-height-scrolling\"  style='background-color: rgba(255,255,255,0);background-position: center center;background-repeat: no-repeat;padding-top:0px;padding-right:0px;padding-bottom:0px;padding-left:0px;'><div class=\"fusion-builder-row fusion-row \"><div  class=\"fusion-layout-column fusion_builder_column fusion_builder_column_1_1  fusion-one-full fusion-column-first fusion-column-last 1_1\"  style='margin-top:0px;margin-bottom:0px;'>\n\t\t\t\t\t<div class=\"fusion-column-wrapper\" style=\"padding: 0px 0px 0px 0px;background-position:left top;background-repeat:no-repeat;-webkit-background-size:cover;-moz-background-size:cover;-o-background-size:cover;background-size:cover;\"  data-bg-url=\"\">\n\t\t\t\t\t\t<div class=\"fusion-text\"><blockquote>\n<p style=\"text-align: justify;\">Cette ann\u00e9e, la soir\u00e9e \u00ab Bol de riz \u00bb, rendez-vous festif \u00e0 vivre en famille, aura lieu vendredi 23 mars \u00e0 la salle des f\u00eates de Saint-Alban, de 19h-21h30. Elle est l&rsquo;occasion pour chacun de faire un geste de partage plus marqu\u00e9, envers les plus pauvres et les plus vuln\u00e9rables comme nous y invite l\u2019\u00c9glise en temps de Car\u00eame. Cette ann\u00e9e, la participation de chacun \u2014 il est sugg\u00e9r\u00e9 de donner l&rsquo;\u00e9quivalent du prix d&rsquo;un repas environ par personne \u2014 sera vers\u00e9e au <a href=\"http:\/\/www.paroisse-aucamville-st-loup-cammas.fr\/site\/secours-catholique\/\">Secours catholique<\/a> et \u00e0 l&rsquo;association VICTOiR qui soigne des enfants atteints de cancers au Togo.<\/p>\n<\/blockquote>\n<p style=\"text-align: justify;\">Avec ses 70 ans d&rsquo;existence et d&rsquo;engagement aupr\u00e8s des plus pauvres, le <a href=\"http:\/\/www.paroisse-aucamville-st-loup-cammas.fr\/site\/secours-catholique\/\">Secours catholique<\/a> n&rsquo;est plus \u00e0 pr\u00e9senter. N\u00e9anmoins, chaque ann\u00e9e il est bon de rappeler que <b>c&rsquo;est bien gr\u00e2ce aux dons qu&rsquo;au fil des mois, l&rsquo;association peut \u0153uvrer en apportant aides alimentaires, financi\u00e8res et d&rsquo;accompagnement aux personnes que la pauvret\u00e9 exclut et isoler de la soci\u00e9t\u00e9.<\/b> Ainsi, outre la participation de nombreux fid\u00e8les de notre<a href=\"http:\/\/www.paroisse-aucamville-st-loup-cammas.fr\/site\/communaute\/\"> ensemble paroissial Aucamville-Saint-Loup Cammas<\/a>, aux deux collectes alimentaires du Secours catholiques aux portes des supermarch\u00e9s\u00a0\u2014 la prochaine aura lieu les 6 et 7 avril 2018 \u2014, le <a href=\"http:\/\/www.paroisse-aucamville-st-loup-cammas.fr\/site\/secours-catholique\/\">Secours catholique<\/a> sera mis \u00e0 l&rsquo;honneur lors de la soir\u00e9e Bol de riz et la collecte de ce jour, lui sera en partie revers\u00e9e. En partie&#8230; car, comme chaque ann\u00e9e, la soir\u00e9<b>e Bol de riz<\/b> est aussi l&rsquo;occasion d&rsquo;aider une deuxi\u00e8me association humanitaire : l&rsquo;association VICTOiR, bas\u00e9e \u00e0 Aucamville. Fond\u00e9e par des m\u00e9decins et personnes issues de la soci\u00e9t\u00e9 civile, Fran\u00e7ais et Togolais, <b>l&rsquo;association VICTOiR a permis la cr\u00e9ation de la seule unit\u00e9 d\u2019oncologie p\u00e9diatrique du Togo.<\/b> Son but est de d\u00e9velopper et d\u2019am\u00e9liorer la prise en charge des cancers de l\u2019enfant et de cr\u00e9er et faire vivre les structures appropri\u00e9es pour cette action.<\/p>\n<p style=\"text-align: justify;\">Apr\u00e8s l&rsquo;intervention de ces deux associations et la d\u00e9gustation du \u00ab Bol de riz \u00bb, la soir\u00e9e s&rsquo;ach\u00e8vera par un temps de pri\u00e8res anim\u00e9 par le groupe de \u00ab <a href=\"http:\/\/www.paroisse-aucamville-st-loup-cammas.fr\/site\/hommes-adorateurs\/\">Pri\u00e8re des hommes<\/a> \u00bb.<\/p>\n<p style=\"text-align: justify;\">Il sera possible jusqu&rsquo;\u00e0 22h, de rencontrer un pr\u00eatre pour les confessions individuelles.<\/p>\n<\/div><style type='text\/css'>.reading-box-container-1 .element-bottomshadow:before,.reading-box-container-1 .element-bottomshadow:after{opacity:0.7;}<\/style><div class=\"fusion-reading-box-container reading-box-container-1\" style=\"margin-top:0px;margin-bottom:84px;\"><div class=\"reading-box element-bottomshadow\" style=\"background-color:#f6f6f6;border-width:1px;border-color:#f6f6f6;border-top-width:3px;border-top-color:#ff9800;border-style:solid;\"><h2>VICTOiR, 15 ans d'existence et d\u00e9j\u00e0 une belle exp\u00e9rience<\/h2><div class=\"reading-box-additional fusion-reading-box-additional\">\n<p>Cr\u00e9\u00e9e en 2004 par trois dentistes fran\u00e7ais et trois internes togolais, l&rsquo;association VICTOiR apporte les moyens logistiques, financiers et humains \u00e0 l\u2019Unit\u00e9 d\u2019Oncologie P\u00e9diatrique de l&rsquo;h\u00f4pital de Lom\u00e9 dont elle a permis l&rsquo;ouverture sous la conduite du docteur Togolais Jules Guedenon, p\u00e9diatre-oncologue, des trois infirmiers et d&rsquo;une psychologue engag\u00e9s par l&rsquo;association. L&rsquo;association assure \u00e9galement le suivi post-th\u00e9rapeutique des petits malades (transport jusqu&rsquo;\u00e0 l&rsquo;h\u00f4pital, soins\u2026). Trente enfants sont accueillis aujourd&rsquo;hui dans le pavillon pr\u00e9vu pour 12 personnes. <i>\u00ab \u00c7a d\u00e9borde ! <\/i>ajoute Andr\u00e9. <i>Nous n\u2019avons plus le choix et il nous faut augmenter notre capacit\u00e9 d\u2019accueil et nous ne pouvons pas nous r\u00e9soudre \u00e0 refuser d\u2019accueillir des enfants malades. Le site doit \u00eatre agrandi afin de pouvoir accueillir 80 enfants. Avec l\u2019aide du Groupe Franco-Africain d\u2019Oncologie P\u00e9diatrique, nous d\u00e9marrerons par la construction de la partie \u00ab h\u00f4pital de jour \u00bb qui prendra en charge les soins en ambulatoire. Gr\u00e2ce aux dons que nous recevrons, nous esp\u00e9rons poser la premi\u00e8re pierre courant 2018. Merci \u00e0 tous de votre g\u00e9n\u00e9rosit\u00e9 ! \u00bb<\/i>.<\/p>\n<\/div><div class=\"fusion-clearfix\"><\/div><\/div><\/div><div class=\"fusion-clearfix\"><\/div>\n\n\t\t\t\t\t<\/div>\n\t\t\t\t<\/div><\/div><\/div>\n","protected":false},"excerpt":{"rendered":"","protected":false},"author":1,"featured_media":14990,"comment_status":"closed","ping_status":"closed","sticky":false,"template":"","format":"standard","meta":[],"categories":[94,92,69],"tags":[],"jetpack_featured_media_url":"http:\/\/www.paroisse-aucamville-st-loup-cammas.fr\/site\/wp-content\/uploads\/boldeRiz2018-1.jpg","_links":{"self":[{"href":"http:\/\/www.paroisse-aucamville-st-loup-cammas.fr\/site\/wp-json\/wp\/v2\/posts\/14989"}],"collection":[{"href":"http:\/\/www.paroisse-aucamville-st-loup-cammas.fr\/site\/wp-json\/wp\/v2\/posts"}],"about":[{"href":"http:\/\/www.paroisse-aucamville-st-loup-cammas.fr\/site\/wp-json\/wp\/v2\/types\/post"}],"author":[{"embeddable":true,"href":"http:\/\/www.paroisse-aucamville-st-loup-cammas.fr\/site\/wp-json\/wp\/v2\/users\/1"}],"replies":[{"embeddable":true,"href":"http:\/\/www.paroisse-aucamville-st-loup-cammas.fr\/site\/wp-json\/wp\/v2\/comments?post=14989"}],"version-history":[{"count":2,"href":"http:\/\/www.paroisse-aucamville-st-loup-cammas.fr\/site\/wp-json\/wp\/v2\/posts\/14989\/revisions"}],"predecessor-version":[{"id":14995,"href":"http:\/\/www.paroisse-aucamville-st-loup-cammas.fr\/site\/wp-json\/wp\/v2\/posts\/14989\/revisions\/14995"}],"wp:featuredmedia":[{"embeddable":true,"href":"http:\/\/www.paroisse-aucamville-st-loup-cammas.fr\/site\/wp-json\/wp\/v2\/media\/14990"}],"wp:attachment":[{"href":"http:\/\/www.paroisse-aucamville-st-loup-cammas.fr\/site\/wp-json\/wp\/v2\/media?parent=14989"}],"wp:term":[{"taxonomy":"category","embeddable":true,"href":"http:\/\/www.paroisse-aucamville-st-loup-cammas.fr\/site\/wp-json\/wp\/v2\/categories?post=14989"},{"taxonomy":"post_tag","embeddable":true,"href":"http:\/\/www.paroisse-aucamville-st-loup-cammas.fr\/site\/wp-json\/wp\/v2\/tags?post=14989"}],"curies":[{"name":"wp","href":"https:\/\/api.w.org\/{rel}","templated":true}]}}