{"id":15102,"date":"2018-05-09T19:00:06","date_gmt":"2018-05-09T18:00:06","guid":{"rendered":"http:\/\/www.paroisse-aucamville-st-loup-cammas.fr\/site\/?p=15102"},"modified":"2018-05-17T19:39:23","modified_gmt":"2018-05-17T18:39:23","slug":"fraternite-sacerdotale-heureux-dannoncer-ensemble-la-bonne-nouvelle","status":"publish","type":"post","link":"http:\/\/www.paroisse-aucamville-st-loup-cammas.fr\/site\/fraternite-sacerdotale-heureux-dannoncer-ensemble-la-bonne-nouvelle\/","title":{"rendered":"Fraternit\u00e9 sacerdotale : Heureux d\u2019annoncer ensemble la Bonne Nouvelle"},"content":{"rendered":"<p style=\"text-align: justify;\"><span style=\"font-weight: 400;\">Les pr\u00eatres, diacres et s\u00e9minariste de notre Doyenn\u00e9 Notre Dame de l\u2019Hers et du Girou se retrouvent une fois par mois pour une rencontre, en allant chez les uns et les autres, dans les diff\u00e9rents ensembles paroissiaux qui forment ce grand doyenn\u00e9. Apr\u00e8s un temps de pri\u00e8re et l\u2019\u00e9change de nouvelles, un ordre du jour est propos\u00e9 par le Doyen, puis enrichi par chacun. Nous abordons des questions pastorales, un soutien mutuel, des conseils et \u00e9changes pour toujours mieux annoncer ensemble le Christ sur ce grand doyenn\u00e9. Parfois, c\u2019est un \u00e9change autour d\u2019un livre ou d\u2019une th\u00e9matique particuli\u00e8re, dans le cadre de la formation permanente. Un ap\u00e9ritif et un repas partag\u00e9 concluent ces rencontres qui nous permettent de nous soutenir dans la mission pastorale! Qu\u2019il est \u00a0beau pour des fr\u00e8res vivre ensemble et d\u2019\u00eatre unis, de marcher ensemble pour annoncer la Bonne nouvelle!<\/span><\/p>\n<h3>Prendre soin de nos pasteurs<\/h3>\n<p style=\"text-align: justify;\"><span style=\"font-weight: 400;\">Outres ces rencontres mensuelles, des paroissiens invitent parfois les pr\u00eatres et diacres (et leurs \u00e9pouses quand c\u2019est possible) pour partager un repas. Au moins deux fois par an, cette rencontre exceptionnelle et festive a lieu \u00e0 Lalande, chez Yvonne Candoulive qui est heureuse d\u2019accueillir et de prendre soin des pasteurs. Cette ann\u00e9e, le Jeudi saint, le 29 mars \u00e0 midi, nous \u00e9tions une vingtaine de pr\u00eatres, diacres et s\u00e9minariste pour partager un repas de f\u00eate chez Yvonne. Quelle joie d\u2019avoir avec nous trois p\u00e8res du S\u00e9minaire Saint Cyprien de Toulouse : le sup\u00e9rieur, p\u00e8re St\u00e9phane Ayouaz, le p\u00e8re Cyprien Comte et le p\u00e8re Jean-Louis, ainsi que le p\u00e8re Janvier Yamego en minist\u00e8re au Service de communication du Saint Si\u00e8ge \u00e0 Rome. Un merci du fond du c\u0153ur \u00e0 cette \u00e9quipe qui, autour d\u2019Yvonne Candoulive, pr\u00e9pare ce moment important pour la vie fraternelle des pr\u00eatres et diacres de notre Doyenn\u00e9. Merci \u00e0 tous les paroissiens qui prennent soin des pr\u00eatres et diacres qui leur sont confi\u00e9s.<\/span><\/p>\n","protected":false},"excerpt":{"rendered":"<p>Les pr\u00eatres, diacres et s\u00e9minariste de notre Doyenn\u00e9 Notre Dame [&hellip;]<\/p>\n","protected":false},"author":1,"featured_media":15105,"comment_status":"closed","ping_status":"closed","sticky":false,"template":"","format":"standard","meta":[],"categories":[91,69],"tags":[],"jetpack_featured_media_url":"http:\/\/www.paroisse-aucamville-st-loup-cammas.fr\/site\/wp-content\/uploads\/doyenn\u00e92.jpg","_links":{"self":[{"href":"http:\/\/www.paroisse-aucamville-st-loup-cammas.fr\/site\/wp-json\/wp\/v2\/posts\/15102"}],"collection":[{"href":"http:\/\/www.paroisse-aucamville-st-loup-cammas.fr\/site\/wp-json\/wp\/v2\/posts"}],"about":[{"href":"http:\/\/www.paroisse-aucamville-st-loup-cammas.fr\/site\/wp-json\/wp\/v2\/types\/post"}],"author":[{"embeddable":true,"href":"http:\/\/www.paroisse-aucamville-st-loup-cammas.fr\/site\/wp-json\/wp\/v2\/users\/1"}],"replies":[{"embeddable":true,"href":"http:\/\/www.paroisse-aucamville-st-loup-cammas.fr\/site\/wp-json\/wp\/v2\/comments?post=15102"}],"version-history":[{"count":2,"href":"http:\/\/www.paroisse-aucamville-st-loup-cammas.fr\/site\/wp-json\/wp\/v2\/posts\/15102\/revisions"}],"predecessor-version":[{"id":15111,"href":"http:\/\/www.paroisse-aucamville-st-loup-cammas.fr\/site\/wp-json\/wp\/v2\/posts\/15102\/revisions\/15111"}],"wp:featuredmedia":[{"embeddable":true,"href":"http:\/\/www.paroisse-aucamville-st-loup-cammas.fr\/site\/wp-json\/wp\/v2\/media\/15105"}],"wp:attachment":[{"href":"http:\/\/www.paroisse-aucamville-st-loup-cammas.fr\/site\/wp-json\/wp\/v2\/media?parent=15102"}],"wp:term":[{"taxonomy":"category","embeddable":true,"href":"http:\/\/www.paroisse-aucamville-st-loup-cammas.fr\/site\/wp-json\/wp\/v2\/categories?post=15102"},{"taxonomy":"post_tag","embeddable":true,"href":"http:\/\/www.paroisse-aucamville-st-loup-cammas.fr\/site\/wp-json\/wp\/v2\/tags?post=15102"}],"curies":[{"name":"wp","href":"https:\/\/api.w.org\/{rel}","templated":true}]}}