{"id":16658,"date":"2019-09-11T22:29:17","date_gmt":"2019-09-11T21:29:17","guid":{"rendered":"http:\/\/www.paroisse-aucamville-st-loup-cammas.fr\/site\/?p=16658"},"modified":"2019-09-11T22:29:17","modified_gmt":"2019-09-11T21:29:17","slug":"rentree-diocesaine-a-lourdes-une-joie-missionnaire","status":"publish","type":"post","link":"http:\/\/www.paroisse-aucamville-st-loup-cammas.fr\/site\/rentree-diocesaine-a-lourdes-une-joie-missionnaire\/","title":{"rendered":"Rentr\u00e9e dioc\u00e9saine \u00e0 Lourdes : une joie\u2026 missionnaire !!"},"content":{"rendered":"<p style=\"text-align: justify;\"><i><span style=\"font-weight: 400;\">\u00ab\u00a0Criez de joie, vous les pauvres de c\u0153ur \/ Vous les enfants bien-aim\u00e9s du Seigneur\/ Ouvrez les yeux car le Royaume est l\u00e0\/ Voici pour vous le Sauveur\u00a0\u00bb.<\/span><\/i><span style=\"font-weight: 400;\"> C&rsquo;est avec ce beau refrain repris lors des diverses c\u00e9l\u00e9brations, que le p\u00e8lerinage des malades s&rsquo;est d\u00e9roul\u00e9 \u00e0 Lourdes, du 26 au 29 ao\u00fbt avec l&rsquo;Hospitalit\u00e9 dioc\u00e9saine de Toulouse que pr\u00e9side Michel Van de Weghe, diacre de notre ensemble paroissiale Aucamville-Saint-Loup Cammas. Joie des retrouvailles le premier jour et joie d&rsquo;accueillir les nouveaux, joie des soins et de l&rsquo;attention donn\u00e9s, joie des sourires re\u00e7us, joie de pouvoir partager ses blessures et de recevoir gr\u00e2ces et consolations, joie de vivre ce temps particulier, hors du monde, temps b\u00e9ni o\u00f9 Marie nous entoure de sa douce pr\u00e9sence et nous gu\u00e9rit peu \u00e0 peu. Parmi les p\u00e8lerins et les hospitaliers, de nombreux paroissiens de notre ensemble paroissial !<\/span><\/p>\n<p style=\"text-align: justify;\"><span style=\"font-weight: 400;\">Le 28 ao\u00fbt, les malades et les hospitaliers, \u00e9taient rejoints par 2 000 fid\u00e8les venus de tout le dioc\u00e8se de Toulouse. Ici, un bus avait \u00e9t\u00e9 organis\u00e9 pour la journ\u00e9e, au d\u00e9part de Montberon ainsi qu&rsquo;un deuxi\u00e8me groupe de p\u00e8lerins partis de Castelginest et rest\u00e9s 48h \u00e0 Lourdes. Cette journ\u00e9e de rentr\u00e9e, \u00e0 Lourdes \u00e9tait pr\u00e9sid\u00e9e par Mgr Le Gall qui d\u00e9livra les grandes lignes pastorales pour l&rsquo;ann\u00e9e : vivre un engagement missionnaire concret pr\u00e8s de chez nous, en paroisse, sur nos lieux de vie\u2026 Et nourrir cette mission au sein de petites fraternit\u00e9s paroissiales qui se rencontrent r\u00e9guli\u00e8rement, prient, se soutiennent et agissent ensemble.<\/span><\/p>\n","protected":false},"excerpt":{"rendered":"<p>\u00ab\u00a0Criez de joie, vous les pauvres de c\u0153ur \/ Vous [&hellip;]<\/p>\n","protected":false},"author":1,"featured_media":16668,"comment_status":"closed","ping_status":"closed","sticky":false,"template":"","format":"standard","meta":[],"categories":[87,94,69],"tags":[],"jetpack_featured_media_url":"http:\/\/www.paroisse-aucamville-st-loup-cammas.fr\/site\/wp-content\/uploads\/Lourdes1-e1568236592329.jpg","_links":{"self":[{"href":"http:\/\/www.paroisse-aucamville-st-loup-cammas.fr\/site\/wp-json\/wp\/v2\/posts\/16658"}],"collection":[{"href":"http:\/\/www.paroisse-aucamville-st-loup-cammas.fr\/site\/wp-json\/wp\/v2\/posts"}],"about":[{"href":"http:\/\/www.paroisse-aucamville-st-loup-cammas.fr\/site\/wp-json\/wp\/v2\/types\/post"}],"author":[{"embeddable":true,"href":"http:\/\/www.paroisse-aucamville-st-loup-cammas.fr\/site\/wp-json\/wp\/v2\/users\/1"}],"replies":[{"embeddable":true,"href":"http:\/\/www.paroisse-aucamville-st-loup-cammas.fr\/site\/wp-json\/wp\/v2\/comments?post=16658"}],"version-history":[{"count":1,"href":"http:\/\/www.paroisse-aucamville-st-loup-cammas.fr\/site\/wp-json\/wp\/v2\/posts\/16658\/revisions"}],"predecessor-version":[{"id":16659,"href":"http:\/\/www.paroisse-aucamville-st-loup-cammas.fr\/site\/wp-json\/wp\/v2\/posts\/16658\/revisions\/16659"}],"wp:featuredmedia":[{"embeddable":true,"href":"http:\/\/www.paroisse-aucamville-st-loup-cammas.fr\/site\/wp-json\/wp\/v2\/media\/16668"}],"wp:attachment":[{"href":"http:\/\/www.paroisse-aucamville-st-loup-cammas.fr\/site\/wp-json\/wp\/v2\/media?parent=16658"}],"wp:term":[{"taxonomy":"category","embeddable":true,"href":"http:\/\/www.paroisse-aucamville-st-loup-cammas.fr\/site\/wp-json\/wp\/v2\/categories?post=16658"},{"taxonomy":"post_tag","embeddable":true,"href":"http:\/\/www.paroisse-aucamville-st-loup-cammas.fr\/site\/wp-json\/wp\/v2\/tags?post=16658"}],"curies":[{"name":"wp","href":"https:\/\/api.w.org\/{rel}","templated":true}]}}