{"id":17338,"date":"2020-05-11T21:27:06","date_gmt":"2020-05-11T20:27:06","guid":{"rendered":"http:\/\/www.paroisse-aucamville-st-loup-cammas.fr\/site\/?p=17338"},"modified":"2020-05-11T21:28:58","modified_gmt":"2020-05-11T20:28:58","slug":"5e-dimanche-de-paques-homelie-de-jose-diacre-aller-plus-loin-avancer-avec-dieu","status":"publish","type":"post","link":"http:\/\/www.paroisse-aucamville-st-loup-cammas.fr\/site\/5e-dimanche-de-paques-homelie-de-jose-diacre-aller-plus-loin-avancer-avec-dieu\/","title":{"rendered":"5\u00e8 dimanche de P\u00e2ques, hom\u00e9lie de Jos\u00e9, diacre : \u00ab\u00a0Aller plus loin, avancer avec Dieu\u00a0\u00bb"},"content":{"rendered":"<p style=\"text-align: justify;\" align=\"justify\"><span style=\"font-family: Arial, sans-serif;\"><span style=\"font-size: small;\">Nous avons \u00e9cout\u00e9 ce dimanche la Parole dans l&rsquo;\u00e9vangile de <\/span><\/span><span style=\"font-family: Arial, sans-serif;\"><span style=\"font-size: small;\">Jean 14,1-12 <\/span><\/span><span style=\"font-family: Arial, sans-serif;\"><span style=\"font-size: small;\">.\u00a0<\/span><\/span><span style=\"font-family: Arial, sans-serif;\"><span style=\"font-size: small;\"> Cet \u00e9vangile est si riche qu&rsquo;il faudrait passer 5 minutes sur chaque phrase, je vais juste d\u00e9tacher 3 ou 4 perles du collier.<\/span><\/span><\/p>\n<p style=\"text-align: justify;\" align=\"justify\"><span style=\"font-family: Arial, sans-serif;\"><span style=\"font-size: small;\"><span style=\"color: #000000;\"> \u00ab<\/span><span style=\"color: #000000;\"><i>Que votre c\u0153ur ne soit pas boulevers\u00e9 : vous croyez en Dieu, croyez aussi en moi.\u00a0<\/i><\/span><span style=\"color: #000000;\">\u00bb <\/span>J\u00e9sus est attentif \u00e0 ce que vivent ses disciples. Il est lui aussi \u00e9mu, mais pas boulevers\u00e9 comme les onze, parce qu&rsquo;il y a longtemps qu&rsquo;il attend cette heure o\u00f9 il va donner sa vie jusqu&rsquo;au bout par amour pour nous, pour moi. Il veut \u00e9viter que ses amis et disciples soient boulevers\u00e9s par les grandes \u00e9preuves qui se pr\u00e9parent. J\u00e9sus doit les quitter pour op\u00e9rer l&rsquo;\u00e9tape centrale du salut de l&rsquo;humanit\u00e9, donner sa vie et la reprendre, \u00e9tape qui donnera une place aupr\u00e8s de lui \u00e0 tous ceux qui lui feront confiance. Croire que J\u00e9sus veut, \u00e0 travers une \u00e9preuve ou une s\u00e9rie d&rsquo;\u00e9preuves, nous emmener aupr\u00e8s de lui et du P\u00e8re pour un bonheur bien plus grand, pas facile, quand on ne comprend rien \u00e0 ce qui se passe. Dieu n&rsquo;envoie pas le mal, jamais, mais il nous demande d&rsquo;accepter l&rsquo;\u00e9preuve en croyant qu&rsquo;il veut transformer le mal en bien\u00a0! De ce mal, en faire du bien pour nous\u00a0! Il nous demande un ch\u00e8que en blanc. Vous signez\u00a0? All\u00e9luia, il vous b\u00e9nira.<\/span><\/span><\/p>\n<p style=\"text-align: justify;\" align=\"justify\"><span style=\"font-family: Arial, sans-serif;\"><span style=\"font-size: small;\"> Puisque les onze veulent lui faire confiance, J\u00e9sus leur propose comment aller plus loin, comment avancer avec Dieu, il leur dit\u00a0: <i>\u00ab\u00a0<\/i><span style=\"color: #000000;\"><i>Moi, JE SUIS le Chemin, la V\u00e9rit\u00e9 et la Vie\u00a0! \u00a0\u00bb<\/i><\/span><span style=\"color: #000000;\"> Tout \u00e0 la fois\u00a0? Bien s\u00fbr\u00a0! <\/span>Quel int\u00e9r\u00eat aurait un chemin qui ne conduirait pas \u00e0 la Vie ? Quel int\u00e9r\u00eat aurait un chemin de mensonge au lieu de v\u00e9rit\u00e9\u00a0? Et inversement, quel int\u00e9r\u00eat aurait la Vie sans chemin pour y avancer ? Et quel int\u00e9r\u00eat aurait la v\u00e9rit\u00e9 s&rsquo;il n&rsquo;y a pas de chemin qui y m\u00e8ne\u00a0? Et encore quel int\u00e9r\u00eat aurait la v\u00e9rit\u00e9 si elle ne m\u00e8ne nulle part et ne procure pas la vie\u00a0? Heureusement, J\u00e9sus nous trace ce chemin. LE CHEMIN c&rsquo;est J\u00e9sus, \u00e0 moi de choisir de prendre sa main aujourd&rsquo;hui et chaque jour pour trouver la VERITE de l&rsquo;amour, pour d\u00e9velopper la VIE avec l&rsquo;Esprit de Dieu en moi, en nous.<\/span><\/span><\/p>\n<p style=\"text-align: justify;\" align=\"justify\"><span style=\"font-family: Arial, sans-serif;\"><span style=\"font-size: small;\"><span style=\"color: #000000;\"> J\u00e9sus ajoute\u00a0: \u00ab\u00a0<\/span><span style=\"color: #000000;\"><i>Puisque vous me connaissez, vous conna\u00eetrez aussi mon P\u00e8re<\/i><\/span><span style=\"color: #000000;\">\u00a0\u00bb. <\/span><span style=\"color: #000000;\">Alors montre-nous le P\u00e8re, demande Philippe, ce P\u00e8re dont J\u00e9sus parle de plus en plus. Philippe ne voit pas que derri\u00e8re la vie de J\u00e9sus il y a quelqu&rsquo;un d&rsquo;autre, qui a permis l&rsquo;incarnation du Fils en J\u00e9sus, quelqu&rsquo;un qui l&rsquo;a envoy\u00e9 vers nous. Derri\u00e8re les pens\u00e9es, derri\u00e8re <\/span><span style=\"color: #000000;\">l<\/span><span style=\"color: #000000;\">es <\/span><span style=\"color: #000000;\">\u0153uvres<\/span><span style=\"color: #000000;\"> de J\u00e9sus aupr\u00e8s des hommes, il y a le dessein du P\u00e8re, le projet du P\u00e8re d&rsquo;\u00e9lever les hommes jusqu&rsquo;\u00e0 lui, c&rsquo;est-\u00e0-dire de nous diviniser. Et J\u00e9sus insiste sur l&rsquo;unit\u00e9 du P\u00e8re et du Fils\u00a0: \u00ab\u00a0<\/span><span style=\"color: #000000;\"><i>Croyez-moi, dit-il, je suis dans le P\u00e8re, et le P\u00e8re est en moi<\/i><\/span><span style=\"color: #000000;\">\u00a0\u00bb <\/span><span style=\"color: #000000;\">, sinon il y aurai<\/span><span style=\"color: #000000;\">t<\/span><span style=\"color: #000000;\"> deux Dieu\u00a0!!!<\/span><\/span><\/span><\/p>\n<p style=\"text-align: justify;\" align=\"justify\"><span style=\"font-family: Arial, sans-serif;\"><span style=\"font-size: small;\"><span style=\"color: #000000;\"> Enfin J\u00e9sus dit\u00a0:<\/span><span style=\"color: #000000;\"><span lang=\"fr-FR\"> \u00ab\u00a0<\/span><\/span><span style=\"color: #000000;\"><span lang=\"fr-FR\"><i>celui qui croit en moi fera les \u0153uvres que je fais. Il en fera m\u00eame de plus grandes<\/i><\/span><\/span><span style=\"color: #000000;\"><span lang=\"fr-FR\">\u00a0\u00bb, ou qui nous semblent plus grandes\u00a0; il y aura des missionnaires qui vont parcourir tout un pays, comme saint Martin en France, et fonder des monast\u00e8res partout, mais c&rsquo;est J\u00e9sus qui a accompli l&rsquo;essentiel, c&rsquo;est lui qui a l\u00e2ch\u00e9 le bonheur du ciel pour aimer les p\u00e9cheurs gratuitement et jusqu&rsquo;\u00e0 l&rsquo;extr\u00eame, c&rsquo;est lui qui s&rsquo;est abaiss\u00e9 jusqu&rsquo;\u00e0 une mort d&rsquo;esclave pour nous \u00e9lever jusqu&rsquo;au P\u00e8re. Gloire \u00e0 toi, J\u00e9sus sauveur, gloire \u00e0 l&rsquo;Esprit qui nous conduit vers toi et vers le P\u00e8re dans votre unit\u00e9 !<\/span><\/span><\/span><\/span><\/p>\n","protected":false},"excerpt":{"rendered":"<p>Nous avons \u00e9cout\u00e9 ce dimanche la Parole dans l&rsquo;\u00e9vangile de [&hellip;]<\/p>\n","protected":false},"author":7,"featured_media":0,"comment_status":"closed","ping_status":"closed","sticky":false,"template":"","format":"standard","meta":[],"categories":[63,68],"tags":[],"jetpack_featured_media_url":"","_links":{"self":[{"href":"http:\/\/www.paroisse-aucamville-st-loup-cammas.fr\/site\/wp-json\/wp\/v2\/posts\/17338"}],"collection":[{"href":"http:\/\/www.paroisse-aucamville-st-loup-cammas.fr\/site\/wp-json\/wp\/v2\/posts"}],"about":[{"href":"http:\/\/www.paroisse-aucamville-st-loup-cammas.fr\/site\/wp-json\/wp\/v2\/types\/post"}],"author":[{"embeddable":true,"href":"http:\/\/www.paroisse-aucamville-st-loup-cammas.fr\/site\/wp-json\/wp\/v2\/users\/7"}],"replies":[{"embeddable":true,"href":"http:\/\/www.paroisse-aucamville-st-loup-cammas.fr\/site\/wp-json\/wp\/v2\/comments?post=17338"}],"version-history":[{"count":1,"href":"http:\/\/www.paroisse-aucamville-st-loup-cammas.fr\/site\/wp-json\/wp\/v2\/posts\/17338\/revisions"}],"predecessor-version":[{"id":17339,"href":"http:\/\/www.paroisse-aucamville-st-loup-cammas.fr\/site\/wp-json\/wp\/v2\/posts\/17338\/revisions\/17339"}],"wp:attachment":[{"href":"http:\/\/www.paroisse-aucamville-st-loup-cammas.fr\/site\/wp-json\/wp\/v2\/media?parent=17338"}],"wp:term":[{"taxonomy":"category","embeddable":true,"href":"http:\/\/www.paroisse-aucamville-st-loup-cammas.fr\/site\/wp-json\/wp\/v2\/categories?post=17338"},{"taxonomy":"post_tag","embeddable":true,"href":"http:\/\/www.paroisse-aucamville-st-loup-cammas.fr\/site\/wp-json\/wp\/v2\/tags?post=17338"}],"curies":[{"name":"wp","href":"https:\/\/api.w.org\/{rel}","templated":true}]}}