{"id":17512,"date":"2020-09-08T22:24:05","date_gmt":"2020-09-08T21:24:05","guid":{"rendered":"http:\/\/www.paroisse-aucamville-st-loup-cammas.fr\/site\/?p=17512"},"modified":"2020-09-08T22:24:49","modified_gmt":"2020-09-08T21:24:49","slug":"homelie-du-6-septembre-23e-to-de-jose-diacre-reparer-la-terre","status":"publish","type":"post","link":"http:\/\/www.paroisse-aucamville-st-loup-cammas.fr\/site\/homelie-du-6-septembre-23e-to-de-jose-diacre-reparer-la-terre\/","title":{"rendered":"Hom\u00e9lie du 6 septembre (23\u00e8 TO) de Jos\u00e9, diacre : R\u00e9parer la terre"},"content":{"rendered":"<p style=\"text-align: justify;\" align=\"justify\">Le Seigneur a toujours \u00e9tabli des guetteurs comme \u00c9z\u00e9chiel pour nous avertir des catastrophes que nous pr\u00e9parons sans y pr\u00eater attention&#8230; Notre pape Fran\u00e7ois appelle cette semaine \u00e0 \u201cr\u00e9parer la terre\u201d, \u201cdans une situation d&rsquo;urgence\u201d de pand\u00e9mie, de r\u00e9chauffement climatique, de perte de biodiversit\u00e9, de peur des migrants, d&rsquo;inqui\u00e9tude assez g\u00e9n\u00e9rale&#8230; TOUT EST LIE, dit le pape Fran\u00e7ois, c&rsquo;est cela que nous ne voyons pas !<\/p>\n<p style=\"text-align: justify;\" align=\"justify\">Nous connaissons tous Gen\u00e8se 1,28 \u201cDieu les b\u00e9nit et leur dit : \u00ab Soyez f\u00e9conds et multipliez-vous, remplissez la terre et soumettez-la&#8230; \u00bb et nous oublions Gen\u00e8se 2,15: \u201cDieu \u00e9tablit l&rsquo;homme dans le jardin d&rsquo;Eden pour le cultiver et le garder\u201d. Et ainsi nous vivons sans tenir compte des limites de la nature ni des besoins des autres peuples. Les chr\u00e9tiens n&rsquo;ont pas beaucoup lu l&rsquo;encyclique Laudato Si, qui est mieux accueillie par les \u00e9cologistes. Les hommes r\u00e9sistent \u00e0 modifier leur mode de vie. Je vais vous donner quelques id\u00e9es.<\/p>\n<p style=\"text-align: justify;\" align=\"justify\">Mais d&rsquo;abord, pourquoi est-il si difficile de changer nos modes de vie ? La publicit\u00e9, les promesses de croissance, les r\u00eaves de maison, de voyages ou de voiture sont encore dans nos t\u00eates, qui emp\u00eachent les projets de vie simple, de solidarit\u00e9, de rencontre avec les \u00e9trangers, avec les autres religions, avec les souffrants&#8230;<\/p>\n<p style=\"text-align: justify;\" align=\"justify\">Au 12\u00e8 si\u00e8cle il y avait \u00e0 Saint-Alban un probl\u00e8me avec les vagabonds, et des chr\u00e9tiens courageux ont cr\u00e9\u00e9 la \u201csauvet\u00e9 de Matepezoul\u201d en face de l&rsquo;\u00e9glise, rue de Math\u00e9, jusqu&rsquo;\u00e0 l&rsquo;Hers. Des riches g\u00e9n\u00e9reux ont donn\u00e9 des terrains et un contrat a \u00e9t\u00e9 sign\u00e9 au d\u00e9but du 12\u00e8 si\u00e8cle entre les Seigneurs du coin et l&rsquo;Abbaye de Saint-Sernin, avec Arnaud Bernard et le grand b\u00e2tisseur de Saint-Sernin, Saint Raimond Gairard de Toulouse, sauvet\u00e9 d\u00e9truite au 13e si\u00e8cle par des soldats de Simon de Montfort. Qui vivait dans la sauvet\u00e9 ? Les personnes hors la loi avaient le droit d&rsquo;y vivre en s\u00e9curit\u00e9 avec leur famille et d&rsquo;y travailler. Plus besoin de vagabonder ! Dans la sauvet\u00e9, les pauvres travaillaient et nourrissaient l\u2019h\u00f4pital qui \u00e9tait en face de Saint-Sernin, ils devenaient tr\u00e8s utiles. Il faut recr\u00e9er des sauvet\u00e9s aujourd&rsquo;hui pour les pauvres et les r\u00e9fugi\u00e9s d&rsquo;aujourd&rsquo;hui. Ceux qui nous font peur sont des bien-aim\u00e9s de Dieu.<\/p>\n<p style=\"text-align: justify;\" align=\"justify\">Nos pauvret\u00e9s sont des chances, toute pauvret\u00e9 est une chance. Par exemple nous avons eu une fille handicap\u00e9e mentale et autiste, qui nous a beaucoup apport\u00e9. Elle m&rsquo;a appris \u00e0 approcher les personnes handicap\u00e9es mentales. Ne cherchons pas \u00e0 augmenter notre niveau de vie, au contraire \u00e0 le diminuer !<\/p>\n<p style=\"text-align: justify;\" align=\"justify\">Il faut que nous changions d&rsquo;urgence de moyens de transports: plus de transports doux, \u00e0 pieds, bus, v\u00e9lo, m\u00e9tro, trottinette, et moins de voiture, et si vous avez une voiture, faites-en profiter des personnes qui voudraient par exemple venir \u00e0 la messe et ne le peuvent pas. Plus de solidarit\u00e9 donne la joie durable et la paix profonde du c\u0153ur. Certaines paroisses ont pris des orientations de \u201cparoisses vertes\u201d, regardez sur Internet&#8230;<\/p>\n<p style=\"text-align: justify;\" align=\"justify\">Une bonne partie des cancers sont produits par les pesticides, qui tuent aussi les abeilles et toutes sortes d&rsquo;animaux. Catastrophe pour la plan\u00e8te ! Le fran\u00e7ais moyen mange 60 kg de viande par an, dont de la charcuterie qui contient des nitrites et nitrates canc\u00e9rog\u00e8nes, (la viande rouge probablement aussi), selon le Centre international de recherche sur le cancer (CIRC). Mais surtout, multipliez 60 kg par 8 milliards d&rsquo;hommes sur la plan\u00e8te&#8230; il faudrait 2 plan\u00e8tes terre pour nourrir les hommes comme nous faisons actuellement sans l&rsquo;\u00e9puiser ! Il faut que nous changions d&rsquo;urgence de nourriture, moins de viande et plus de prot\u00e9ines v\u00e9g\u00e9tales, plus de bio et de local, moins de gras et de sucre&#8230; faisons passer des recettes de pois cass\u00e9s, de pois chiches, lentilles, et ce sont des plantes qui n&rsquo;ont pas besoin d&rsquo;engrais polluants.<\/p>\n<p style=\"text-align: justify;\" align=\"justify\">Je ne parle pas des emballages, du jetable, ni du tri des d\u00e9chets ni du compostage, vous savez cela. Laissez tomber la mode, invent\u00e9e pour vous faire acheter, faites votre mode \u00e0 vous ! Il faut que nous changions nos fa\u00e7ons de consommer, achetons des v\u00eatements et produits durables et \u201c\u00e9quitables\u201d, pay\u00e9s correctement aux producteurs, sans exploiter des enfants, en groupes organis\u00e9s, avec des \u00e9coles, des lieux de soins&#8230; achetons des v\u00eatements produits dans des pays o\u00f9 des lois prot\u00e8gent les travailleurs.<\/p>\n<p style=\"text-align: justify;\" align=\"justify\">Il faut peut-\u00eatre que nous changions de lectures et de centres d&rsquo;int\u00e9r\u00eat, en invitant des \u00e9trangers et des pauvres \u00e0 notre table, nous recevons J\u00e9sus! en lisant la Bible, en priant avec un groupe de pri\u00e8re, nous recevons J\u00e9sus. Laudato si ! Lou\u00e9 sois-tu Seigneur pour ta cr\u00e9ation magnifique que nous ne voulons plus d\u00e9truire, mais \u201ccultiver et garder le jardin\u201d, prot\u00e9ger et partager avec tous les hommes ! Abandonnons nos peurs, et laissons-nous conduire par la charit\u00e9, envers tous les fils bien-aim\u00e9s de Dieu. Acheter, se d\u00e9placer, cuisiner, manger en discernant : fais-je telle chose dans mon int\u00e9r\u00eat personnel ou dans l&rsquo;amour universel ?<\/p>\n<p style=\"text-align: justify;\" align=\"justify\">Seigneur aide-moi \u00e0 prendre une petite d\u00e9cision aujourd&rsquo;hui.<\/p>\n","protected":false},"excerpt":{"rendered":"<p>Le Seigneur a toujours \u00e9tabli des guetteurs comme \u00c9z\u00e9chiel pour [&hellip;]<\/p>\n","protected":false},"author":7,"featured_media":0,"comment_status":"closed","ping_status":"closed","sticky":false,"template":"","format":"standard","meta":[],"categories":[63,68],"tags":[],"jetpack_featured_media_url":"","_links":{"self":[{"href":"http:\/\/www.paroisse-aucamville-st-loup-cammas.fr\/site\/wp-json\/wp\/v2\/posts\/17512"}],"collection":[{"href":"http:\/\/www.paroisse-aucamville-st-loup-cammas.fr\/site\/wp-json\/wp\/v2\/posts"}],"about":[{"href":"http:\/\/www.paroisse-aucamville-st-loup-cammas.fr\/site\/wp-json\/wp\/v2\/types\/post"}],"author":[{"embeddable":true,"href":"http:\/\/www.paroisse-aucamville-st-loup-cammas.fr\/site\/wp-json\/wp\/v2\/users\/7"}],"replies":[{"embeddable":true,"href":"http:\/\/www.paroisse-aucamville-st-loup-cammas.fr\/site\/wp-json\/wp\/v2\/comments?post=17512"}],"version-history":[{"count":1,"href":"http:\/\/www.paroisse-aucamville-st-loup-cammas.fr\/site\/wp-json\/wp\/v2\/posts\/17512\/revisions"}],"predecessor-version":[{"id":17513,"href":"http:\/\/www.paroisse-aucamville-st-loup-cammas.fr\/site\/wp-json\/wp\/v2\/posts\/17512\/revisions\/17513"}],"wp:attachment":[{"href":"http:\/\/www.paroisse-aucamville-st-loup-cammas.fr\/site\/wp-json\/wp\/v2\/media?parent=17512"}],"wp:term":[{"taxonomy":"category","embeddable":true,"href":"http:\/\/www.paroisse-aucamville-st-loup-cammas.fr\/site\/wp-json\/wp\/v2\/categories?post=17512"},{"taxonomy":"post_tag","embeddable":true,"href":"http:\/\/www.paroisse-aucamville-st-loup-cammas.fr\/site\/wp-json\/wp\/v2\/tags?post=17512"}],"curies":[{"name":"wp","href":"https:\/\/api.w.org\/{rel}","templated":true}]}}