{"id":17699,"date":"2020-11-15T23:53:22","date_gmt":"2020-11-15T22:53:22","guid":{"rendered":"http:\/\/www.paroisse-aucamville-st-loup-cammas.fr\/site\/?p=17699"},"modified":"2020-11-15T23:54:13","modified_gmt":"2020-11-15T22:54:13","slug":"journee-mondiale-des-pauvres-homelie-du-15-novembre-33e-to-de-jose-raisson-diacre-sil-y-a-de-la-place-pour-les-pauvres-il-y-a-de-la-place-pour-tous","status":"publish","type":"post","link":"http:\/\/www.paroisse-aucamville-st-loup-cammas.fr\/site\/journee-mondiale-des-pauvres-homelie-du-15-novembre-33e-to-de-jose-raisson-diacre-sil-y-a-de-la-place-pour-les-pauvres-il-y-a-de-la-place-pour-tous\/","title":{"rendered":"Journ\u00e9e mondiale des pauvres, hom\u00e9lie du 15 novembre (33\u00e8 TO) de Jos\u00e9 Raisson, diacre : \u00ab\u00a0S&rsquo;il y a de la place pour les pauvres, il y a de la place pour tous.\u00a0\u00bb"},"content":{"rendered":"<p style=\"text-align: justify;\" align=\"justify\">\u00c9cartons d&rsquo;abord une fausse piste: Nous serions attrist\u00e9s avec cet homme qui n&rsquo;a re\u00e7u qu&rsquo;un talent, mais un talent pesait 26 kg de m\u00e9tal pr\u00e9cieux, c&rsquo;est le poids de 2 lingots d&rsquo;or !<\/p>\n<p style=\"text-align: justify;\" align=\"justify\">Pourquoi cette journ\u00e9e mondiale des pauvres, au jour de l&rsquo;\u00e9vangile des talents? Parce que nous avons tous des talents, tous y compris les plus pauvres. Le probl\u00e8me, c&rsquo;est que leurs talents ne sont pas reconnus : on ne voit pas leurs richesses. Quels sont les talents des pauvres ? Je prendrai des exemples dans le pass\u00e9 pour ne g\u00eaner personne.<\/p>\n<p style=\"text-align: justify;\" align=\"justify\">La premi\u00e8re qualit\u00e9 des plus pauvres c&rsquo;est en g\u00e9n\u00e9ral la simplicit\u00e9, <b>on n&rsquo;a pas besoin de beaucoup de protocole pour parler avec les pauvres, de leurs difficult\u00e9s et des n\u00f4tres.<\/b> Nous avons habit\u00e9 \u00e0 Toulouse dans une rue o\u00f9 vivaient surtout des gitans, des manouches et des immigr\u00e9s. Un jour je traverse la rue avec notre fille Marie Noelle handicap\u00e9e, deux vieilles gitanes s&rsquo;arr\u00eatent et prient pour elle, dans la rue en posant la main sur son \u00e9paule : \u201cQue Dieu b\u00e9nisse votre fille !\u201d Quelle simplicit\u00e9 ! Elles nous disaient \u00e9galement : \u201cVous aussi vous avez vos mis\u00e8res, vous \u00eates comme nous.\u201d<\/p>\n<p style=\"text-align: justify;\" align=\"justify\">Une autre qualit\u00e9 fr\u00e9quente chez les plus pauvres, c&rsquo;est le sens de la solidarit\u00e9. Dans la cit\u00e9, quand une famille avait obtenu un gros colis d&rsquo;aide alimentaire, il partageaient\u2026 ils nous partageaient aussi leurs probl\u00e8mes. Nous, nous aimerions nous d\u00e9brouiller tout seuls, <b>c&rsquo;est une illusion, nous avons besoin les<\/b><b> <\/b><b>uns des autres.<\/b> Mgr Mario Grech, nouveau secr\u00e9taire du Synode des \u00e9v\u00eaques, est tout \u00e0 fait dans la ligne du pape Fran\u00e7ois, il dit : <i>\u201cLa meilleure fa\u00e7on de faire l\u2019exp\u00e9rience de l\u2019amour chr\u00e9tien est le minist\u00e8re du service&#8230; La fraction du pain eucharistique et de la Parole ne peut se faire sans rompre le pain avec ceux qui n\u2019en ont pas. C\u2019est la diaconie. Les pauvres sont th\u00e9ologiquement le visage du Christ. Sans les pauvres, on perd le contact avec la r\u00e9alit\u00e9.\u201d<\/i> J\u00e9sus s&rsquo;est fait pauvre pour habiter chez nous parmi les hommes, il s&rsquo;est abaiss\u00e9, il est venu sur la paille, on l&rsquo;a tu\u00e9 comme un esclave. Et quand nous l&rsquo;adorons, c&rsquo;est dans sa pr\u00e9sence pauvre, dans un morceau de pain !<\/p>\n<p style=\"text-align: justify;\" align=\"justify\"><b>Les personnes en difficult\u00e9 se savent fragiles, elles n&rsquo;ont pas de pr\u00e9tentions.<\/b> Je partage souvent avec des personnes psychiquement fragiles, ils sont courageux d&rsquo;accepter leur fragilit\u00e9, malgr\u00e9 la honte qu&rsquo;on leur inflige, parce qu&rsquo;on les regarde avec m\u00e9fiance. Et ce regard n\u00e9gatif, il blesse. La honte, \u00e7a peut tuer quelqu&rsquo;un. Il est en \u00e9chec et ne peut pas en parler, ou il ne sait pas lire, ou il est ob\u00e8se, ou bien on se moque de lui au coll\u00e8ge, ou bien il sort de prison, on se m\u00e9fie de lui, ou bien on lui a r\u00e9p\u00e9t\u00e9 qu&rsquo;il \u00e9tait nul, qu&rsquo;il n&rsquo;arriverait \u00e0 rien, ou bien il ou elle a \u00e9t\u00e9 agress\u00e9, ou viol\u00e9&#8230; <b>il y a 1000 causes de honte et peu de personnes capables d&rsquo;\u00e9couter, de sentir la difficult\u00e9 de la personne.<\/b> La maison de la Fraternit\u00e9 et le Service \u00c9vang\u00e9lique des Malades ont pr\u00e9vu une journ\u00e9e de formation \u00e0 l&rsquo;\u00e9coute le 9 janvier, esp\u00e9rons qu&rsquo;elle pourra avoir lieu.<\/p>\n<p style=\"text-align: justify;\" align=\"justify\">L<b>es pauvres ont parfois une grande confiance en Dieu, en la Providence, et ils ne jugent pas les autres, de m\u00eame que les jeunes d&rsquo;enfants, J\u00e9sus nous les donne en exem<\/b>ple. Dans nos r\u00e9unions de personnes psychiquement fragiles je suis \u00e9merveill\u00e9 de la qualit\u00e9 de l&rsquo;\u00e9coute mutuelle, dans la compassion et le soutien. Ils nous apprennent \u00e0 vivre la charit\u00e9.<\/p>\n<p style=\"text-align: justify;\" align=\"justify\">Les pauvres ont souvent une belle qualit\u00e9 d&rsquo;accueil, d&rsquo;hospitalit\u00e9, comme le mouvement Welcome sur notre secteur, ou l&rsquo;association Lazare. Personnellement j&rsquo;ai d\u00e9j\u00e0 racont\u00e9 mon accueil d&rsquo;Antoine, SDF qui m&rsquo;a fait conna\u00eetre mon \u00e9pouse Marie Lou, j&rsquo;ai \u00e9t\u00e9 r\u00e9compens\u00e9 ! J&rsquo;ai des amis \u00e0 Cognac, de la communaut\u00e9 de l&rsquo;Arche. Leur paroisse est dans une ville riche, le pr\u00eatre n&rsquo;arrivait pas \u00e0 leur faire \u00e9changer la paix. Mais voil\u00e0 que des personnes handicap\u00e9es mentales sont venues \u00e0 la messe. Elles ont embrass\u00e9 tout le monde, et depuis\u2026 les paroissiens se sont donn\u00e9 la paix les uns les autres. <b>Ces personnes handicap\u00e9es mentales ont une richesse de <\/b><b>c\u0153ur<\/b><b> dont le monde a besoin, mais on \u00e9limine 97% des personnes trisomiques qui sont d\u00e9tect\u00e9es avant la naissance, quelle trag\u00e9die !<\/b><\/p>\n<p style=\"text-align: justify;\" align=\"justify\">Ainsi, les pauvres sont indispensables pour que l\u2019\u00c9glise soit ce qu&rsquo;elle doit \u00eatre : simple, solidaire, accueillante \u00e0 tous, \u00e0 l&rsquo;\u00e9coute des souffrants, compatissante, source de confiance et de croissance pour les plus faibles, lieu de partage et de service pour les plus forts comme les plus faibles. <b>S&rsquo;il y a de la place pour les pauvres, il y a de la place pour tous.<\/b> Nous pouvons tous devenir pauvres de c\u0153ur, si nous accueillons leurs talents. Seigneur, appauvris-moi, que je t&rsquo;accueille dans toute ma vie, toi qui mendies mon amour.<\/p>\n","protected":false},"excerpt":{"rendered":"<p>\u00c9cartons d&rsquo;abord une fausse piste: Nous serions attrist\u00e9s avec cet [&hellip;]<\/p>\n","protected":false},"author":7,"featured_media":0,"comment_status":"closed","ping_status":"closed","sticky":false,"template":"","format":"standard","meta":[],"categories":[63,68],"tags":[],"jetpack_featured_media_url":"","_links":{"self":[{"href":"http:\/\/www.paroisse-aucamville-st-loup-cammas.fr\/site\/wp-json\/wp\/v2\/posts\/17699"}],"collection":[{"href":"http:\/\/www.paroisse-aucamville-st-loup-cammas.fr\/site\/wp-json\/wp\/v2\/posts"}],"about":[{"href":"http:\/\/www.paroisse-aucamville-st-loup-cammas.fr\/site\/wp-json\/wp\/v2\/types\/post"}],"author":[{"embeddable":true,"href":"http:\/\/www.paroisse-aucamville-st-loup-cammas.fr\/site\/wp-json\/wp\/v2\/users\/7"}],"replies":[{"embeddable":true,"href":"http:\/\/www.paroisse-aucamville-st-loup-cammas.fr\/site\/wp-json\/wp\/v2\/comments?post=17699"}],"version-history":[{"count":1,"href":"http:\/\/www.paroisse-aucamville-st-loup-cammas.fr\/site\/wp-json\/wp\/v2\/posts\/17699\/revisions"}],"predecessor-version":[{"id":17700,"href":"http:\/\/www.paroisse-aucamville-st-loup-cammas.fr\/site\/wp-json\/wp\/v2\/posts\/17699\/revisions\/17700"}],"wp:attachment":[{"href":"http:\/\/www.paroisse-aucamville-st-loup-cammas.fr\/site\/wp-json\/wp\/v2\/media?parent=17699"}],"wp:term":[{"taxonomy":"category","embeddable":true,"href":"http:\/\/www.paroisse-aucamville-st-loup-cammas.fr\/site\/wp-json\/wp\/v2\/categories?post=17699"},{"taxonomy":"post_tag","embeddable":true,"href":"http:\/\/www.paroisse-aucamville-st-loup-cammas.fr\/site\/wp-json\/wp\/v2\/tags?post=17699"}],"curies":[{"name":"wp","href":"https:\/\/api.w.org\/{rel}","templated":true}]}}