{"id":17886,"date":"2021-01-19T23:28:50","date_gmt":"2021-01-19T22:28:50","guid":{"rendered":"http:\/\/www.paroisse-aucamville-st-loup-cammas.fr\/site\/?p=17886"},"modified":"2021-01-19T23:32:04","modified_gmt":"2021-01-19T22:32:04","slug":"homelie-jose-raisson-diacre-je-voudrais-vous-dire-que-leglise-est-une-chaine","status":"publish","type":"post","link":"http:\/\/www.paroisse-aucamville-st-loup-cammas.fr\/site\/homelie-jose-raisson-diacre-je-voudrais-vous-dire-que-leglise-est-une-chaine\/","title":{"rendered":"Hom\u00e9lie Jos\u00e9 Raisson, diacre : \u00ab\u00a0Je voudrais vous dire que l\u2019\u00c9glise est une cha\u00eene !\u00a0\u00bb"},"content":{"rendered":"<p style=\"text-align: justify;\" align=\"justify\"><span style=\"font-family: Arial, sans-serif;\"><span style=\"font-size: small;\">(L&rsquo;appel de Dieu, <i>2\u00e9 dimanche du temps ordinaire, 17 janvier 2021, ann\u00e9e B<\/i><i>)<\/i> <b>T\u00e9moignage<\/b><b> : <\/b>J&rsquo;ai compris cela quand nous habitions au milieu des gitans, des manouches et des magh\u00e9bins. Une religieuse, s\u0153ur Marguerite, avait cr\u00e9\u00e9 une petite communaut\u00e9 vivante avec les Voyageurs de quelques familles, puis elle a d\u00fb \u00eatre hospitalis\u00e9e, nous avons continu\u00e9 son service. Mais il a fallu un jour quitter notre maison HLM trop petite quand notre 4e enfant s&rsquo;est annonc\u00e9, nous manquions de place. <b>Nous avons demand\u00e9 vraiment au Seigneur qu&rsquo;il envoie quelqu&rsquo;un pour nous succ\u00e9der avec les pauvres. Et un dimanche est arriv\u00e9 un religieux, un petit fr\u00e8re de J\u00e9sus,<\/b> qui vivait en l&rsquo;Afrique du Nord, l\u00e0 bas il s&rsquo;est senti appel\u00e9 aupr\u00e8s des gitans \u00e0 Toulouse ! J&rsquo;en suis encore \u00e9merveill\u00e9 ! L\u2019\u00c9glise est vraiment une cha\u00eene, chaque chr\u00e9tien est un maillon, il a une vocation, une mission, il t\u00e9moigne et&#8230; la cha\u00eene se poursuit, plus ou moins bien. Je crois en l&rsquo;\u00c9glise, toujours en train de se r\u00e9former, anim\u00e9e par l&rsquo;Esprit de Dieu.<\/span><\/span><\/p>\n<p style=\"text-align: justify;\" align=\"justify\"><span style=\"font-family: Arial, sans-serif;\"><span style=\"font-size: small;\"><b>Premier maillon des textes du jour<\/b> &#8211; Le psaume du jour est une proph\u00e9tie de l&rsquo;appel que recevra le Messie: \u201cTu as ouvert mes oreilles ; tu ne demandais ni holocauste ni victime, alors j\u2019ai dit : \u00ab\u00a0<i>Voici, je viens. Dans le livre, est \u00e9crit pour moi ce que tu veux que je fasse.<\/i><i>\u00ab\u00a0<\/i><\/span><\/span><\/p>\n<p style=\"text-align: justify;\" align=\"justify\"><span style=\"font-family: Arial, sans-serif;\"><span style=\"font-size: small;\"><b>2e Maillon. Jean le Baptiste avait des disciples, dont Andr\u00e9.<\/b> Jean Baptiste n&rsquo;est pas un gourou, il est tr\u00e8s humble, il les appelle \u00e0 suivre plut\u00f4t J\u00e9sus! Jean Baptiste pose son regard sur J\u00e9sus, et dit : <i>\u201cVoici l\u2019Agneau de Dieu\u201d<\/i><i>. C<\/i>ela signifie?&#8230; Un \u00eatre doux qui rappelle l&rsquo;agneau pascal, on a mis son sang sur les linteaux des portes, pour \u00eatre prot\u00e9g\u00e9s du terrible fl\u00e9au d\u2019\u00c9gypte qui a tu\u00e9 les fils a\u00een\u00e9s&#8230; Tiens c&rsquo;est presque comme le Covid, un fl\u00e9au qui emportait les a\u00een\u00e9s !<\/span><\/span><\/p>\n<p style=\"text-align: justify;\" align=\"justify\"><span style=\"font-family: Arial, sans-serif;\"><span style=\"font-size: small;\">Les disciples entendent ce t\u00e9moignage de Jean Baptiste et ils d\u00e9cident de suivre J\u00e9sus, physiquement et spirituellement. De m\u00eame autrefois le proph\u00e8te Elie a form\u00e9 les proph\u00e8tes Elis\u00e9e et Samuel. Dieu appelle Samuel, mais Samuel ne conna\u00eet pas Dieu, il ne peut pas reconna\u00eetre sa voix. <b>Alors Elie lui apprend \u00e0 reconna\u00eetre la Voix du P\u00e8re<\/b>, lui a l&rsquo;exp\u00e9rience de Dieu, il la communique.<\/span><\/span><\/p>\n<p style=\"text-align: justify;\" align=\"justify\"><span style=\"font-family: Arial, sans-serif;\"><span style=\"font-size: small;\">Nous avons 3 sources \u00e0 nos pens\u00e9es et nos \u00e9motions, certaines viennent du tentateur et nous invitent au soup\u00e7on ou au d\u00e9couragement, etc. D&rsquo;autres viennent de nous-m\u00eames, de notre \u00e9ducation, notre caract\u00e8re, notre histoire, etc. D&rsquo;autres enfin viennent de <b>l&rsquo;Esprit de Dieu qui nous donne le d\u00e9sir et la force d&rsquo;aimer.<\/b> Tout le jour nous faisons des choix, nous avons besoin de reconna\u00eetre la voix de Dieu. Il est bon pour avancer d&rsquo;avoir un accompagnateur spirituel avec lequel nous apprenons \u00e0 reconna\u00eetre la voix de Dieu, \u00e0 relire notre vie \u00e0 sa lumi\u00e8re pour trouver le bonheur auquel nous sommes appel\u00e9s et en t\u00e9moigner.<\/span><\/span><\/p>\n<p style=\"text-align: justify;\" align=\"justify\"><span style=\"font-family: Arial, sans-serif;\"><span style=\"font-size: small;\"><b>La foi se transmet ainsi, d&rsquo;homme \u00e0 homme.<\/b> Le message de Jean Baptiste est confirm\u00e9 au bapt\u00eame de J\u00e9sus. Qui parle? \u2026 Le P\u00e8re. Que dit-il? &#8230; <i>\u201cC&rsquo;est toi mon fils bien-aim\u00e9, il m&rsquo;a plu de te choisir\u201d<\/i>. Donc Jean Baptiste appelle Andr\u00e9, et Andr\u00e9 comprend que J\u00e9sus le choisit, il a trouv\u00e9 sa vocation, il suit J\u00e9sus !<\/span><\/span><\/p>\n<p style=\"text-align: justify;\" align=\"justify\"><span style=\"font-family: Arial, sans-serif;\"><span style=\"font-size: small;\"><b>3e maillon &#8211; A son tour, Andr\u00e9 appelle Simon<\/b>, et sur son t\u00e9moignage Simon d\u00e9cide d&rsquo;aller voir qui est ce J\u00e9sus. J\u00e9sus pose son regard sur lui et l&rsquo;appelle, en pr\u00e9cisant sa vocation: tu t\u2019appelleras K\u00e9phas, pierre (de construction). Changer de nom, c&rsquo;est changer de vie: <i>\u201cVous ne vous appartenez plus \u00e0 vous-m\u00eames\u201d<\/i>, dit Paul aux Corinthiens, dans la 2e lecture. et Pierre comprend que J\u00e9sus le choisit, il a trouv\u00e9 sa vocation, il suit J\u00e9sus !<\/span><\/span><\/p>\n<p style=\"text-align: justify;\" align=\"justify\"><span style=\"font-family: Arial, sans-serif;\"><span style=\"font-size: small;\"><b>4e maillon \u2013 C&rsquo;est \u00e0 notre tour de t\u00e9moigner et d&rsquo;appeler. <\/b>Chez les anciens, le fils a\u00een\u00e9 h\u00e9ritait de la charge du p\u00e8re. Tandis qu&rsquo;\u00e0 partir de J\u00e9sus, c&rsquo;est un choix libre, par un appel entendu. <b>Celui qui a entendu l&rsquo;appel t\u00e9moigne \u00e0 son tour, c&rsquo;est la grande cha\u00eene de <\/b><b>l\u2019\u00c9glise.<\/b><b> <\/b>Parmi les familles gitanes, deux m\u00e8res de famille ont d\u00e9cid\u00e9 de faire le cat\u00e9chisme aux enfants de leur communaut\u00e9. J\u00e9sus embauche toujours.<\/span><\/span><\/p>\n<p style=\"text-align: justify;\" align=\"justify\"><span style=\"font-family: Arial, sans-serif;\"><span style=\"font-size: small;\">Application pratique. <b>Connaissez-vous votre mission? Demandez-la \u00e0 Dieu, c&rsquo;est l\u00e0 que vous serez heureux et utile. <\/b>Nous sommes chacun choisi par Dieu pour une mission. <i>\u201cJ\u00e9sus, je veux te suivre, montre-moi o\u00f9, montre-moi ceux qui ont besoin de moi.\u201d<\/i><\/span><\/span><\/p>\n","protected":false},"excerpt":{"rendered":"<p>(L&rsquo;appel de Dieu, 2\u00e9 dimanche du temps ordinaire, 17 janvier [&hellip;]<\/p>\n","protected":false},"author":7,"featured_media":0,"comment_status":"closed","ping_status":"closed","sticky":false,"template":"","format":"standard","meta":[],"categories":[63,68],"tags":[],"jetpack_featured_media_url":"","_links":{"self":[{"href":"http:\/\/www.paroisse-aucamville-st-loup-cammas.fr\/site\/wp-json\/wp\/v2\/posts\/17886"}],"collection":[{"href":"http:\/\/www.paroisse-aucamville-st-loup-cammas.fr\/site\/wp-json\/wp\/v2\/posts"}],"about":[{"href":"http:\/\/www.paroisse-aucamville-st-loup-cammas.fr\/site\/wp-json\/wp\/v2\/types\/post"}],"author":[{"embeddable":true,"href":"http:\/\/www.paroisse-aucamville-st-loup-cammas.fr\/site\/wp-json\/wp\/v2\/users\/7"}],"replies":[{"embeddable":true,"href":"http:\/\/www.paroisse-aucamville-st-loup-cammas.fr\/site\/wp-json\/wp\/v2\/comments?post=17886"}],"version-history":[{"count":2,"href":"http:\/\/www.paroisse-aucamville-st-loup-cammas.fr\/site\/wp-json\/wp\/v2\/posts\/17886\/revisions"}],"predecessor-version":[{"id":17888,"href":"http:\/\/www.paroisse-aucamville-st-loup-cammas.fr\/site\/wp-json\/wp\/v2\/posts\/17886\/revisions\/17888"}],"wp:attachment":[{"href":"http:\/\/www.paroisse-aucamville-st-loup-cammas.fr\/site\/wp-json\/wp\/v2\/media?parent=17886"}],"wp:term":[{"taxonomy":"category","embeddable":true,"href":"http:\/\/www.paroisse-aucamville-st-loup-cammas.fr\/site\/wp-json\/wp\/v2\/categories?post=17886"},{"taxonomy":"post_tag","embeddable":true,"href":"http:\/\/www.paroisse-aucamville-st-loup-cammas.fr\/site\/wp-json\/wp\/v2\/tags?post=17886"}],"curies":[{"name":"wp","href":"https:\/\/api.w.org\/{rel}","templated":true}]}}