{"id":17890,"date":"2021-01-25T18:14:52","date_gmt":"2021-01-25T17:14:52","guid":{"rendered":"http:\/\/www.paroisse-aucamville-st-loup-cammas.fr\/site\/?p=17890"},"modified":"2021-01-25T18:14:52","modified_gmt":"2021-01-25T17:14:52","slug":"la-pastorale-des-funerailles-en-temps-de-covid","status":"publish","type":"post","link":"http:\/\/www.paroisse-aucamville-st-loup-cammas.fr\/site\/la-pastorale-des-funerailles-en-temps-de-covid\/","title":{"rendered":"La Pastorale des Fun\u00e9railles en temps de Covid"},"content":{"rendered":"<h2 style=\"text-align: justify;\">L&rsquo;\u00e9quipe de la pastorale des fun\u00e9railles nous partage son quotidien en ce temps de pand\u00e9mie.<\/h2>\n<p align=\"JUSTIFY\"><span style=\"font-family: Times New Roman, serif;\"><span style=\"font-size: medium;\">Dix mois apr\u00e8s, le premier confinement li\u00e9 \u00e0 la Covid-19, il nous semble revivre ce film\u00a0:\u00a0\u00ab\u00a0<i>Un jour sans fin<\/i>\u00a0\u00bb o\u00f9 ce dr\u00f4le de personnage \u00e9tait \u00ab\u00a0condamn\u00e9\u00a0\u00bb \u00e0 vivre encore et encore la m\u00eame journ\u00e9e, un peu comme chacun d\u2019entre nous avec cette pand\u00e9mie\u00a0! Mais le h\u00e9ros finit par retrouver le cours de sa vie\u00a0: par ici la vie\u00a0d\u2019avant ! Gardons espoir, typiquement humain, mais surtout soyons dans l\u2019esp\u00e9rance qui nous vient de Dieu.<\/span><\/span><\/p>\n<p align=\"JUSTIFY\"><span style=\"font-family: Times New Roman, serif;\"><span style=\"font-size: medium;\">Ainsi donc, pour notre pastorale, nous sommes pass\u00e9s d\u2019un accompagnement physique (en vrai face \u00e0 face) \u00e0 un accompagnement totalement virtuel (ni rencontre avec famille, ni pr\u00e9sence \u00e0 l\u2019\u00e9glise, seuls nos pr\u00eatres \u00e9taient l\u00e0), et, actuellement \u00e0 une situation mixte. En effet, les recommandations gouvernementales et dioc\u00e9saines nous permettent \u00e0 ce jour de pouvoir rencontrer les familles en pr\u00e9sentiel, mais de pr\u00e9f\u00e9rence dans une salle paroissiale ou une \u00e9glise plut\u00f4t que dans les familles, et d\u2019\u00eatre pr\u00e9sents aux c\u00e9l\u00e9brations, bien \u00e9videmment avec tous les gestes barri\u00e8res et distanciations pr\u00e9conis\u00e9s. Par ailleurs selon les risques li\u00e9s aux pathologies de chacune et chacun des membres de l&rsquo;\u00e9quipe, les personnes discernent elles-m\u00eames pour savoir si elles continuent \u00e0 pr\u00e9parer par t\u00e9l\u00e9phone, se rendre ou pas aux c\u00e9l\u00e9brations. Une forte majorit\u00e9 de l&rsquo;\u00e9quipe, rencontre physiquement les familles et la quasi-totalit\u00e9 est pr\u00e9sente \u00e0 l\u2019\u00e9glise sans oublier le cimeti\u00e8re.<\/span><\/span><\/p>\n<p align=\"JUSTIFY\"><span style=\"font-family: Times New Roman, serif;\"><span style=\"font-size: medium;\">Un crit\u00e8re \u00e0 prendre en compte concerne les capacit\u00e9s de nos \u00e9glises qui \u00e9voluent et sont en fait \u00e0 g\u00e9om\u00e9trie variable. Au d\u00e9but c\u2019\u00e9tait 20 personnes quelle que soit la dimension de l\u2019\u00e9glise, puis ce fut 30, ensuite c\u2019\u00e9tait un rang sur deux et une chaise sur deux, maintenant un rang sur deux mais une chaise sur 3. Nous avons d\u2019ailleurs demand\u00e9 une formation en arithm\u00e9tique en lieu et place des formations fondamentales et d\u2019approfondissement assur\u00e9es par le dioc\u00e8se !!! dit un des membre, plein d\u2019humour\u2026<\/span><\/span><\/p>\n<p align=\"JUSTIFY\"><span style=\"font-family: Times New Roman, serif;\"><span style=\"font-size: medium;\">Dans ces moments qui bouleversent les familles, il convient de \u00ab\u00a0pouvoir toujours \u00eatre avec\u00a0\u00bb. Au-del\u00e0 des douleurs, et souffrances qu\u2019elles ressentent il y a en plus les angoisses li\u00e9es aux contraintes de la pand\u00e9mie\u00a0: prendre rendez-vous pour voir son proche malade \u00e0 l\u2019h\u00f4pital, vais-je pouvoir rendre un hommage religieux normalement\u00a0? etc\u2026 La r\u00e9ponse est oui\u00a0! mille fois oui\u00a0! Oui, nous pouvons accompagner les familles dignement en t\u00e9moignant de notre foi. Mais il nous manque en effet, le c\u00f4t\u00e9 tactile (toucher la main, le bras, une embrassade etc\u2026), toutes les expressions du visage cach\u00e9es sous les masques, mais, nous sommes toujours l\u00e0, pour chaque famille. M\u00eame si une personne pr\u00e9pare au t\u00e9l\u00e9phone, un autre membre sera pr\u00e9sent \u00e0 l\u2019\u00e9glise\u00a0: \u00ab\u00a0\u00c9glise Corps du Christ\u00a0!\u00a0\u00bb <span style=\"font-size: small;\">(1\u00a0 Co 12,12)<\/span><\/span><\/span><\/p>\n<p align=\"JUSTIFY\"><span style=\"font-family: Times New Roman, serif;\"><span style=\"font-size: medium;\">Cette \u00e9trange situation, nous fait longuement \u00e9prouver le manque dans notre vie. Le manque des autres, pour pouvoir cultiver le \u00ab\u00a0go\u00fbt des autres \u00ab\u00a0(un autre titre de film d\u2019ailleurs). Et pour l\u2019\u00e9quipe, un des manques, concerne nos repas partag\u00e9s qui rythment nos rencontres \u00e0 peu pr\u00e8s mensuelles\u00a0: le matin par le caf\u00e9, g\u00e2teaux, ensuite un petit ap\u00e9ritif et le repas. Cela r\u00e9conforte tout le monde et permet une bonne lib\u00e9ration de la parole plus spontan\u00e9e, en plus du partage \u00ab\u00a0des joies et fragilit\u00e9s\u00a0\u00bb entre les membres de l&rsquo;\u00e9quipe et les pr\u00eatres. Oui vivement que notre immunit\u00e9 nous permette de retrouver le temps d\u2019avant, et mieux, car les restrictions font appr\u00e9cier davantage ce qui nous a manqu\u00e9\u2026<\/span><\/span><\/p>\n<p align=\"JUSTIFY\"><span style=\"font-family: Times New Roman, serif;\"><span style=\"font-size: medium;\">Notre bapt\u00eame nous conf\u00e8re trois missions\u00a0: Annoncer, C\u00e9l\u00e9brer et Servir. Oui notre service de la pastorale de l\u2019accompagnement des familles en deuil est une v\u00e9ritable MISSION.<\/span><\/span><\/p>\n<p align=\"JUSTIFY\"><span style=\"font-family: Times New Roman, serif;\"><span style=\"font-size: medium;\"><i>Seigneur, nous te rendons gr\u00e2ce, de nous avoir appel\u00e9s et envoy\u00e9s en \u00c9glise vers nos fr\u00e8res et s\u0153urs bless\u00e9s par la mort. Permet qu\u2019avec les baptis\u00e9s au service des familles en deuil nous restions unis en Ton Amour. Garde-nous dans la joie de te servir. Amen\u00a0! <\/i><span style=\"font-size: small;\">(Extrait de la pri\u00e8re dioc\u00e9saine des fun\u00e9railles).<\/span><\/span><\/span><\/p>\n","protected":false},"excerpt":{"rendered":"<p>L&rsquo;\u00e9quipe de la pastorale des fun\u00e9railles nous partage son quotidien [&hellip;]<\/p>\n","protected":false},"author":17,"featured_media":17891,"comment_status":"closed","ping_status":"closed","sticky":false,"template":"","format":"standard","meta":[],"categories":[82,94,69],"tags":[],"jetpack_featured_media_url":"http:\/\/www.paroisse-aucamville-st-loup-cammas.fr\/site\/wp-content\/uploads\/DSC_0841-scaled.jpg","_links":{"self":[{"href":"http:\/\/www.paroisse-aucamville-st-loup-cammas.fr\/site\/wp-json\/wp\/v2\/posts\/17890"}],"collection":[{"href":"http:\/\/www.paroisse-aucamville-st-loup-cammas.fr\/site\/wp-json\/wp\/v2\/posts"}],"about":[{"href":"http:\/\/www.paroisse-aucamville-st-loup-cammas.fr\/site\/wp-json\/wp\/v2\/types\/post"}],"author":[{"embeddable":true,"href":"http:\/\/www.paroisse-aucamville-st-loup-cammas.fr\/site\/wp-json\/wp\/v2\/users\/17"}],"replies":[{"embeddable":true,"href":"http:\/\/www.paroisse-aucamville-st-loup-cammas.fr\/site\/wp-json\/wp\/v2\/comments?post=17890"}],"version-history":[{"count":2,"href":"http:\/\/www.paroisse-aucamville-st-loup-cammas.fr\/site\/wp-json\/wp\/v2\/posts\/17890\/revisions"}],"predecessor-version":[{"id":17893,"href":"http:\/\/www.paroisse-aucamville-st-loup-cammas.fr\/site\/wp-json\/wp\/v2\/posts\/17890\/revisions\/17893"}],"wp:featuredmedia":[{"embeddable":true,"href":"http:\/\/www.paroisse-aucamville-st-loup-cammas.fr\/site\/wp-json\/wp\/v2\/media\/17891"}],"wp:attachment":[{"href":"http:\/\/www.paroisse-aucamville-st-loup-cammas.fr\/site\/wp-json\/wp\/v2\/media?parent=17890"}],"wp:term":[{"taxonomy":"category","embeddable":true,"href":"http:\/\/www.paroisse-aucamville-st-loup-cammas.fr\/site\/wp-json\/wp\/v2\/categories?post=17890"},{"taxonomy":"post_tag","embeddable":true,"href":"http:\/\/www.paroisse-aucamville-st-loup-cammas.fr\/site\/wp-json\/wp\/v2\/tags?post=17890"}],"curies":[{"name":"wp","href":"https:\/\/api.w.org\/{rel}","templated":true}]}}