{"id":17999,"date":"2021-03-15T21:36:59","date_gmt":"2021-03-15T20:36:59","guid":{"rendered":"http:\/\/www.paroisse-aucamville-st-loup-cammas.fr\/site\/?p=17999"},"modified":"2021-03-20T00:58:01","modified_gmt":"2021-03-19T23:58:01","slug":"cette-annee-nous-feterons-paques-dans-nos-eglises-merci-seigneur","status":"publish","type":"post","link":"http:\/\/www.paroisse-aucamville-st-loup-cammas.fr\/site\/cette-annee-nous-feterons-paques-dans-nos-eglises-merci-seigneur\/","title":{"rendered":"Cette ann\u00e9e, nous f\u00eaterons P\u00e2ques dans nos \u00e9glises ! Merci Seigneur !"},"content":{"rendered":"<p align=\"justify\"><span style=\"font-family: Arial, sans-serif;\"><span style=\"font-size: medium;\"><i>\u00ab\u00a0A vin nouveau, outres neuves\u00a0\u00bb <\/i><\/span><\/span><span style=\"font-family: Arial, sans-serif;\"><span style=\"font-size: medium;\">(Mc 2, 22).<\/span><\/span> <span style=\"font-family: Arial, sans-serif;\"><span style=\"font-size: medium;\">Si l&rsquo;an pass\u00e9, les f\u00eates de P\u00e2ques ont rim\u00e9 avec confinement, cette ann\u00e9e, nous allons retrouver la communaut\u00e9 ! N\u00e9anmoins,<\/span><\/span><span style=\"font-family: Arial, sans-serif;\"><span style=\"font-size: medium;\"> nous f\u00eaterons P\u00e2ques diff\u00e9remment pour nous adapter <\/span><\/span><span style=\"font-family: Arial, sans-serif;\"><span style=\"font-size: medium;\">au couvre-feu que le gouvernement impose du fait de<\/span><\/span><span style=\"font-family: Arial, sans-serif;\"><span style=\"font-size: medium;\"> la pand\u00e9mie. <\/span><\/span><span style=\"font-family: Arial, sans-serif;\"><span style=\"font-size: medium;\">Notez en particulier, la \u00ab\u00a0veill\u00e9e \u00a0\u00bb de P\u00e2ques pr\u00e9vue dimanche matin, le 4 avril<\/span><\/span><span style=\"font-family: Arial, sans-serif;\"><span style=\"font-size: medium;\">, <\/span><\/span><span style=\"font-family: Arial, sans-serif;\"><span style=\"font-size: medium;\">de 8h \u00e0 10h30. <\/span><\/span><span style=\"font-family: Arial, sans-serif;\"><span style=\"font-size: medium;\">A noter<\/span><\/span><span style=\"font-family: Arial, sans-serif;\"><span style=\"font-size: medium;\"> \u00e9galement : <\/span><\/span><span style=\"font-family: Arial, sans-serif;\"><span style=\"font-size: medium;\">l<\/span><\/span><span style=\"color: #444444;\"><span style=\"font-family: Arial, sans-serif;\"><span style=\"font-size: medium;\">a messe des malades c\u00e9l\u00e9br\u00e9es habituellement pendant la Semaine sainte et initialement <\/span><\/span><\/span><span style=\"color: #444444;\"><span style=\"font-family: Arial, sans-serif;\"><span style=\"font-size: medium;\">pr\u00e9vue <\/span><\/span><\/span><span style=\"color: #444444;\"><span style=\"font-family: Arial, sans-serif;\"><span style=\"font-size: medium;\">mardi <\/span><\/span><\/span><span style=\"color: #444444;\"><span style=\"font-family: Arial, sans-serif;\"><span style=\"font-size: medium;\">30 Mars<\/span><\/span><\/span> <span style=\"color: #444444;\"><span style=\"font-family: Arial, sans-serif;\"><span style=\"font-size: medium;\">est annul\u00e9e. <\/span><\/span><\/span><span style=\"color: #444444;\"><span style=\"font-family: Arial, sans-serif;\"><span style=\"font-size: medium;\"><b>Voici les horaires et lieux des c\u00e9l\u00e9brations<\/b><\/span><\/span><\/span><span style=\"color: #444444;\"><span style=\"font-family: Arial, sans-serif;\"><span style=\"font-size: medium;\"> sur notre ensemble paroissial Aucamville-Saint-Loup Cammas. <strong>(Mise \u00e0 jour des horaires le 19 mars apr\u00e8s les derni\u00e8res consignes gouvernementales : couvre-feu \u00e0 19h).<\/strong><\/span><\/span><\/span><\/p>\n<p align=\"justify\"><span style=\"font-family: Arial, sans-serif;\"><span style=\"font-size: medium;\"><b><span style=\"color: #00a933;\">Messe des Rameaux <\/span><span style=\"color: #444444;\">: <\/span><\/b><\/span><\/span><\/p>\n<p align=\"justify\"><span style=\"font-family: Arial, sans-serif;\"><span style=\"font-size: medium;\"><span style=\"color: #444444;\">Samedi 27 mars, \u00e0 <\/span><span style=\"color: #444444;\"><b>17h<\/b><\/span><span style=\"color: #444444;\"><b>eures<\/b><\/span><span style=\"color: #444444;\"> \u00e0 Aucamville et Pechbonnieu<\/span><\/span><\/span><\/p>\n<p align=\"justify\"><span style=\"font-family: Arial, sans-serif;\"><span style=\"font-size: medium;\"><span style=\"color: #444444;\">Dimanche 28 mars, \u00e0 <\/span><span style=\"color: #444444;\"><b>9h30<\/b><\/span><span style=\"color: #444444;\"> \u00e0 Montberon ; \u00e0 <\/span><span style=\"color: #444444;\"><b>11h<\/b><\/span><span style=\"color: #444444;\"> \u00e0 Castelginest, Lalande et Villari\u00e8s et \u00e0 <\/span><span style=\"color: #444444;\"><b>17h<\/b><\/span><span style=\"color: #444444;\"> \u00e0 Saint-Loup Cammas.<\/span><\/span><\/span><\/p>\n<p align=\"justify\"><span style=\"font-family: Arial, sans-serif;\"><span style=\"font-size: medium;\"><span style=\"color: #650953;\"><b>C\u00e9l\u00e9brations p\u00e9nitentielles<\/b><\/span><span style=\"color: #444444;\"> suivies de confessions individuelles :<\/span><\/span><\/span><\/p>\n<p align=\"justify\"><span style=\"font-size: medium;\"><span style=\"color: #444444;\"><span style=\"font-family: Arial, sans-serif;\">M<\/span><\/span><span style=\"color: #444444;\">ardi <\/span><span style=\"color: #444444;\">30<\/span><span style=\"color: #444444;\"> mars <\/span><span style=\"color: #444444;\">: 17h<\/span><span style=\"color: #444444;\"> \u00e0 <\/span><span style=\"color: #444444;\">18h30<\/span> <span style=\"color: #444444;\">\u00e0 <\/span><span style=\"color: #444444;\"><b>Labastide<\/b><\/span><span style=\"color: #444444;\"><b>-Saint-Sernin<\/b><\/span><\/span><\/p>\n<p align=\"justify\"><span style=\"font-family: Arial, sans-serif;\"><span style=\"font-size: medium;\"><span style=\"color: #444444;\">Mercredi 31 mars : 17h \u00e0 18h30 \u00e0 <b>Castelginest<\/b><\/span><\/span><\/span><\/p>\n<p align=\"justify\"><span style=\"font-family: Arial, sans-serif;\"><span style=\"font-size: medium;\"><span style=\"color: #444444;\">Samedi 3 avril : 10h<\/span><span style=\"color: #444444;\"> \u00e0 <\/span><span style=\"color: #444444;\">12h \u00e0 <\/span><span style=\"color: #444444;\"><b>Aucamville<\/b><\/span><b> <\/b><span style=\"color: #444444;\">(confessions individuelles)<\/span><\/span><\/span><\/p>\n<p align=\"justify\"><span style=\"color: #bf0041;\"><span style=\"font-family: Arial, sans-serif;\"><span style=\"font-size: medium;\"><b>Triduum Pascal :<\/b><\/span><\/span><\/span><\/p>\n<p align=\"justify\"><span style=\"font-family: Arial, sans-serif;\"><span style=\"font-size: medium;\"><span style=\"color: #bf0041;\"><i><b>Jeudi saint <\/b><\/i><\/span><span style=\"color: #444444;\"><i><b>:<\/b><\/i><\/span><span style=\"color: #444444;\"> Jeudi 1er avril <\/span><span style=\"color: #444444;\"><b>\u00e0 17h \u00e0 Aucamville<\/b><\/span><span style=\"color: #444444;\">, c\u00e9l\u00e9bration de la sainte C\u00e8ne,<\/span><\/span><\/span><\/p>\n<p align=\"justify\"><span style=\"font-family: Arial, sans-serif;\"><span style=\"font-size: medium;\"><span style=\"color: #bf0041;\"><i><b>Vendredi saint <\/b><\/i><\/span><span style=\"color: #444444;\">: Vendredi 2 avril <\/span><span style=\"color: #444444;\"><b>\u00e0 <\/b><\/span><span style=\"color: #444444;\"><b>15h, \u00e0 C\u00e9pet,<\/b><\/span><span style=\"color: #444444;\"> Chemin de Croix suivi de la v\u00e9n\u00e9ration de la Croix,<\/span><\/span><\/span><\/p>\n<p align=\"justify\"><span style=\"color: #bf0041;\"><span style=\"font-family: Arial, sans-serif;\"><span style=\"font-size: medium;\"><i><b>Vigile <\/b><\/i><\/span><\/span><\/span><span style=\"color: #bf0041;\"><span style=\"font-family: Arial, sans-serif;\"><span style=\"font-size: medium;\"><i><b>pascale<\/b><\/i><\/span><\/span><\/span><span style=\"color: #444444;\"><span style=\"font-family: Arial, sans-serif;\"><span style=\"font-size: medium;\"><b> : dimanche matin, 4 avril, <\/b><\/span><\/span><\/span><span style=\"color: #444444;\"><span style=\"font-family: Arial, sans-serif;\"><span style=\"font-size: medium;\"><b>\u00e0<\/b><\/span><\/span><\/span><span style=\"color: #444444;\"><span style=\"font-family: Arial, sans-serif;\"><span style=\"font-size: medium;\"><b> 8h<\/b><\/span><\/span><\/span><span style=\"color: #444444;\"><span style=\"font-family: Arial, sans-serif;\"><span style=\"font-size: medium;\"><b>\u00a0(jusqu&rsquo;\u00e0 10h30)<\/b><\/span><\/span><\/span><span style=\"color: #444444;\"><span style=\"font-family: Arial, sans-serif;\"><span style=\"font-size: medium;\"><b> \u00e0 Castelgine<\/b><\/span><\/span><\/span><span style=\"color: #444444;\"><span style=\"font-family: Arial, sans-serif;\"><span style=\"font-size: medium;\"><b>s<\/b><\/span><\/span><\/span><span style=\"color: #444444;\"><span style=\"font-family: Arial, sans-serif;\"><span style=\"font-size: medium;\"><b>t au cours de laquelle <\/b><\/span><\/span><\/span><span style=\"color: #444444;\"><span style=\"font-family: Arial, sans-serif;\"><span style=\"font-size: medium;\"><b>huit <\/b><\/span><\/span><\/span><span style=\"color: #444444;\"><span style=\"font-family: Arial, sans-serif;\"><span style=\"font-size: medium;\"><b>adultes<\/b><\/span><\/span><\/span><span style=\"color: #444444;\"><span style=\"font-family: Arial, sans-serif;\"><span style=\"font-size: medium;\"><b> recevront le bapt\u00eame.<\/b><\/span><\/span><\/span><b> <\/b><\/p>\n<p align=\"justify\"><span style=\"font-family: Arial, sans-serif;\"><span style=\"font-size: medium;\"><span style=\"color: #bf0041;\"><i><b>Messe de <\/b><\/i><\/span><span style=\"color: #bf0041;\"><i><b>P\u00e2ques <\/b><\/i><\/span><span style=\"color: #444444;\">: dimanche 4 avril, \u00e0 <\/span><span style=\"color: #444444;\"><b>11h \u00e0 Castelginest, Gargas et Lalande<\/b><\/span><span style=\"color: #444444;\">, \u00e0 <\/span><span style=\"color: #444444;\"><b>17heures \u00e0 Saint-Loup Cammas<\/b><\/span><\/span><\/span><\/p>\n<p align=\"justify\"><span style=\"color: #444444;\"><span style=\"font-family: Arial, sans-serif;\"><span style=\"font-size: medium;\">Bon chemin vers P\u00e2ques et d&rsquo;avance, tr\u00e8s belles f\u00eates de P\u00e2ques.<\/span><\/span><\/span><\/p>\n","protected":false},"excerpt":{"rendered":"<p>\u00ab\u00a0A vin nouveau, outres neuves\u00a0\u00bb (Mc 2, 22). Si l&rsquo;an [&hellip;]<\/p>\n","protected":false},"author":16,"featured_media":18000,"comment_status":"closed","ping_status":"closed","sticky":false,"template":"","format":"standard","meta":[],"categories":[103,88,94,69],"tags":[],"jetpack_featured_media_url":"http:\/\/www.paroisse-aucamville-st-loup-cammas.fr\/site\/wp-content\/uploads\/HorairePaques.jpg","_links":{"self":[{"href":"http:\/\/www.paroisse-aucamville-st-loup-cammas.fr\/site\/wp-json\/wp\/v2\/posts\/17999"}],"collection":[{"href":"http:\/\/www.paroisse-aucamville-st-loup-cammas.fr\/site\/wp-json\/wp\/v2\/posts"}],"about":[{"href":"http:\/\/www.paroisse-aucamville-st-loup-cammas.fr\/site\/wp-json\/wp\/v2\/types\/post"}],"author":[{"embeddable":true,"href":"http:\/\/www.paroisse-aucamville-st-loup-cammas.fr\/site\/wp-json\/wp\/v2\/users\/16"}],"replies":[{"embeddable":true,"href":"http:\/\/www.paroisse-aucamville-st-loup-cammas.fr\/site\/wp-json\/wp\/v2\/comments?post=17999"}],"version-history":[{"count":5,"href":"http:\/\/www.paroisse-aucamville-st-loup-cammas.fr\/site\/wp-json\/wp\/v2\/posts\/17999\/revisions"}],"predecessor-version":[{"id":18008,"href":"http:\/\/www.paroisse-aucamville-st-loup-cammas.fr\/site\/wp-json\/wp\/v2\/posts\/17999\/revisions\/18008"}],"wp:featuredmedia":[{"embeddable":true,"href":"http:\/\/www.paroisse-aucamville-st-loup-cammas.fr\/site\/wp-json\/wp\/v2\/media\/18000"}],"wp:attachment":[{"href":"http:\/\/www.paroisse-aucamville-st-loup-cammas.fr\/site\/wp-json\/wp\/v2\/media?parent=17999"}],"wp:term":[{"taxonomy":"category","embeddable":true,"href":"http:\/\/www.paroisse-aucamville-st-loup-cammas.fr\/site\/wp-json\/wp\/v2\/categories?post=17999"},{"taxonomy":"post_tag","embeddable":true,"href":"http:\/\/www.paroisse-aucamville-st-loup-cammas.fr\/site\/wp-json\/wp\/v2\/tags?post=17999"}],"curies":[{"name":"wp","href":"https:\/\/api.w.org\/{rel}","templated":true}]}}