{"id":18272,"date":"2021-11-14T18:44:40","date_gmt":"2021-11-14T17:44:40","guid":{"rendered":"https:\/\/www.paroisse-aucamville-st-loup-cammas.fr\/site\/?p=18272"},"modified":"2021-11-14T18:44:40","modified_gmt":"2021-11-14T17:44:40","slug":"les-funerailles-laspersoir-et-leau-du-bapteme","status":"publish","type":"post","link":"http:\/\/www.paroisse-aucamville-st-loup-cammas.fr\/site\/les-funerailles-laspersoir-et-leau-du-bapteme\/","title":{"rendered":"Les fun\u00e9railles, l\u2019aspersoir et l\u2019eau du bapt\u00eame\u2026"},"content":{"rendered":"<p style=\"text-align: justify;\">Lors d\u2019obs\u00e8ques \u00e0 l\u2019\u00e9glise, il n\u2019a pas \u00e9chapp\u00e9 \u00e0 votre sagacit\u00e9, la grande similitude entre les gestes accomplis au cours de cette c\u00e9l\u00e9bration et ceux pos\u00e9s pour le bapt\u00eame, comme : l\u2019accueil \u00e0 la porte, la lumi\u00e8re ou l\u2019eau\u2026<\/p>\n<p style=\"text-align: justify;\">Pour l\u2019eau, au cours des fun\u00e9railles, l\u2019Eglise proc\u00e8de \u00e0 l\u2019aspersion, ou \u00ab\u00a0b\u00e9n\u00e9diction\u00a0\u00bb comme on l\u2019entend souvent, au moment du dernier adieu. Pour cela le pr\u00eatre, ou l\u2019officiant la\u00efc quand c\u2019est le cas, utilise soit un goupillon, soit des branches de buis ou laurier soit un aspersoir. Ce geste est accompli en rappel de notre bapt\u00eame*.<\/p>\n<p style=\"text-align: justify;\">Au cours d\u2019une de nos rencontres en \u00e9quipe, le p\u00e8re Gibson avait \u00e9mis l\u2019id\u00e9e que nous disposions d\u2019un goupillon de poche ou un aspersoir pour des raisons de commodit\u00e9. En fait, jusqu\u2019\u00e0 lors, il fallait r\u00e9cup\u00e9rer l\u2019aspersoir ou goupillon dans une sacristie, poser l\u2019acte et le rapporter \u00e0 la sacristie avec une contrainte li\u00e9e \u00e0 la disponibilit\u00e9 de la sacristine du lieu et des membres de l&rsquo;\u00e9quipe.<\/p>\n<p>Nous avons donc achet\u00e9 des petits aspersoirs \u00ab\u00a0personnels\u00a0\u00bb (voir la photo\u00a0: ils sont beaux , n\u2019est-ce pas\u00a0?).<\/p>\n<p style=\"text-align: justify;\">Mardi 9 Novembre, jour de la f\u00eate de la Basilique du Latran (lieu o\u00f9 se trouve le plus grand baptist\u00e8re de l\u2019Eglise, o\u00f9 au moment du r\u00e8gne de Constantin, une immense foule se faisait baptiser au quotidien), le p\u00e8re Gibson \u00e0 la fin de la messe qui pr\u00e9c\u00e8de notre rencontre en \u00e9quipe a r\u00e9cit\u00e9 la pri\u00e8re de b\u00e9n\u00e9diction pour ces objets, distribu\u00e9s le jour m\u00eame aux membres de l\u2019\u00e9quipe, ayant \u00e9t\u00e9 appel\u00e9s, form\u00e9s et envoy\u00e9s par notre cur\u00e9.<\/p>\n<p>Ces aspersoirs serviront donc dans cette mission dans trois situations\u00a0:<\/p>\n<p>&#8211; Lors d\u2019une rencontre avec les familles en deuil pour b\u00e9n\u00e9diction du corps du d\u00e9funt \u00e0 la station de la maison.<\/p>\n<p>&#8211; Lors d\u2019une b\u00e9n\u00e9diction de la tombe lors de la premi\u00e8re inhumation dans celle -ci<\/p>\n<p>&#8211; Lors de la pri\u00e8re aux cimeti\u00e8res et b\u00e9n\u00e9diction des tombes pour la comm\u00e9moration des d\u00e9funts le 2 Novembre de chaque ann\u00e9e.<\/p>\n<p>Bien \u00e9videmment l\u2019eau b\u00e9nite pour ces aspersoirs sera \u00ab puis\u00e9e \u00bb dans les sacristies avec l\u2019accord de notre pr\u00eatre.<\/p>\n<p>Voil\u00e0, cet objet permettra donc de faciliter notre mission, en gardant toujours en nous l\u2019essentiel\u00a0: le sens des gestes pos\u00e9s.<\/p>\n<p style=\"text-align: justify;\">N\u2019oublions pas, notre fil rouge pastoral\u00a0:\u00ab\u00a0Revivons et reprenons notre mission fraternelle dans la joie\u00a0\u00bb et <span style=\"font-family: Arial, serif;\">Seigneur<\/span>, <span style=\"font-family: Arial, serif;\"><i>Garde-nous dans la joie de te servir. Amen\u00a0! (Final de la pri\u00e8re dioc\u00e9saine de la pastorale d\u2019accompagnement des familles en deuil.<\/i><\/span><\/p>\n<p>*Pour le non baptis\u00e9s, d\u2019autres gestes sont pos\u00e9s, mais cela pourra \u00eatre expliqu\u00e9 \u00e0 un autre moment.<\/p>\n<p>Lien pour la premi\u00e8re lecture de la messe du 9 Novembre\u00a0:<\/p>\n<p><a href=\"https:\/\/www.aelf.org\/2021-11-09\/romain\/messe\">AELF \u2014 Messe \u2014 9 novembre 2021<\/a><\/p>\n","protected":false},"excerpt":{"rendered":"<p>Lors d\u2019obs\u00e8ques \u00e0 l\u2019\u00e9glise, il n\u2019a pas \u00e9chapp\u00e9 \u00e0 votre [&hellip;]<\/p>\n","protected":false},"author":17,"featured_media":18273,"comment_status":"closed","ping_status":"closed","sticky":false,"template":"","format":"standard","meta":[],"categories":[82,94],"tags":[],"jetpack_featured_media_url":"http:\/\/www.paroisse-aucamville-st-loup-cammas.fr\/site\/wp-content\/uploads\/DSC_1187.jpg","_links":{"self":[{"href":"http:\/\/www.paroisse-aucamville-st-loup-cammas.fr\/site\/wp-json\/wp\/v2\/posts\/18272"}],"collection":[{"href":"http:\/\/www.paroisse-aucamville-st-loup-cammas.fr\/site\/wp-json\/wp\/v2\/posts"}],"about":[{"href":"http:\/\/www.paroisse-aucamville-st-loup-cammas.fr\/site\/wp-json\/wp\/v2\/types\/post"}],"author":[{"embeddable":true,"href":"http:\/\/www.paroisse-aucamville-st-loup-cammas.fr\/site\/wp-json\/wp\/v2\/users\/17"}],"replies":[{"embeddable":true,"href":"http:\/\/www.paroisse-aucamville-st-loup-cammas.fr\/site\/wp-json\/wp\/v2\/comments?post=18272"}],"version-history":[{"count":1,"href":"http:\/\/www.paroisse-aucamville-st-loup-cammas.fr\/site\/wp-json\/wp\/v2\/posts\/18272\/revisions"}],"predecessor-version":[{"id":18276,"href":"http:\/\/www.paroisse-aucamville-st-loup-cammas.fr\/site\/wp-json\/wp\/v2\/posts\/18272\/revisions\/18276"}],"wp:featuredmedia":[{"embeddable":true,"href":"http:\/\/www.paroisse-aucamville-st-loup-cammas.fr\/site\/wp-json\/wp\/v2\/media\/18273"}],"wp:attachment":[{"href":"http:\/\/www.paroisse-aucamville-st-loup-cammas.fr\/site\/wp-json\/wp\/v2\/media?parent=18272"}],"wp:term":[{"taxonomy":"category","embeddable":true,"href":"http:\/\/www.paroisse-aucamville-st-loup-cammas.fr\/site\/wp-json\/wp\/v2\/categories?post=18272"},{"taxonomy":"post_tag","embeddable":true,"href":"http:\/\/www.paroisse-aucamville-st-loup-cammas.fr\/site\/wp-json\/wp\/v2\/tags?post=18272"}],"curies":[{"name":"wp","href":"https:\/\/api.w.org\/{rel}","templated":true}]}}