{"id":19021,"date":"2022-12-13T19:48:53","date_gmt":"2022-12-13T18:48:53","guid":{"rendered":"https:\/\/www.paroisse-aucamville-st-loup-cammas.fr\/site\/?p=19021"},"modified":"2022-12-13T19:49:05","modified_gmt":"2022-12-13T18:49:05","slug":"jmj-partez-priez-pour-nous-avec-le-pape-a-lisbonne-cet-ete","status":"publish","type":"post","link":"http:\/\/www.paroisse-aucamville-st-loup-cammas.fr\/site\/jmj-partez-priez-pour-nous-avec-le-pape-a-lisbonne-cet-ete\/","title":{"rendered":"JMJ : partez prier pour nous avec le Pape \u00e0 Lisbonne cet \u00e9t\u00e9."},"content":{"rendered":"<p style=\"text-align: justify;\">Fin juillet, d\u00e9but ao\u00fbt 2023 sont organis\u00e9es les Journ\u00e9es Mondiales de la Jeunesse \u00e0 Lisbonne avec le pape Fran\u00e7ois.<br \/>\nSi tu as entre 18 et 35 ans, si tu as envie de vivre une exp\u00e9rience fraternelle pleine de joie, de rencontres et de souvenirs, tu peux y partir avec notre paroisse. Celle-ci t&rsquo;aidera \u00e0 financer ce p\u00e8lerinage. Fais-toi conna\u00eetre aupr\u00e8s de p\u00e8re Pascal, qui partira accompagner le groupe, au 06.72.70.37.57.<\/p>\n<p>Si vous connaissez des jeunes de cette tranche d&rsquo;\u00e2ge, faites passer le message !<\/p>\n","protected":false},"excerpt":{"rendered":"<p>Fin juillet, d\u00e9but ao\u00fbt 2023 sont organis\u00e9es les Journ\u00e9es Mondiales [&hellip;]<\/p>\n","protected":false},"author":17,"featured_media":19022,"comment_status":"closed","ping_status":"closed","sticky":false,"template":"","format":"standard","meta":[],"categories":[94,91,69],"tags":[],"jetpack_featured_media_url":"http:\/\/www.paroisse-aucamville-st-loup-cammas.fr\/site\/wp-content\/uploads\/JMJ.jpg","_links":{"self":[{"href":"http:\/\/www.paroisse-aucamville-st-loup-cammas.fr\/site\/wp-json\/wp\/v2\/posts\/19021"}],"collection":[{"href":"http:\/\/www.paroisse-aucamville-st-loup-cammas.fr\/site\/wp-json\/wp\/v2\/posts"}],"about":[{"href":"http:\/\/www.paroisse-aucamville-st-loup-cammas.fr\/site\/wp-json\/wp\/v2\/types\/post"}],"author":[{"embeddable":true,"href":"http:\/\/www.paroisse-aucamville-st-loup-cammas.fr\/site\/wp-json\/wp\/v2\/users\/17"}],"replies":[{"embeddable":true,"href":"http:\/\/www.paroisse-aucamville-st-loup-cammas.fr\/site\/wp-json\/wp\/v2\/comments?post=19021"}],"version-history":[{"count":3,"href":"http:\/\/www.paroisse-aucamville-st-loup-cammas.fr\/site\/wp-json\/wp\/v2\/posts\/19021\/revisions"}],"predecessor-version":[{"id":19025,"href":"http:\/\/www.paroisse-aucamville-st-loup-cammas.fr\/site\/wp-json\/wp\/v2\/posts\/19021\/revisions\/19025"}],"wp:featuredmedia":[{"embeddable":true,"href":"http:\/\/www.paroisse-aucamville-st-loup-cammas.fr\/site\/wp-json\/wp\/v2\/media\/19022"}],"wp:attachment":[{"href":"http:\/\/www.paroisse-aucamville-st-loup-cammas.fr\/site\/wp-json\/wp\/v2\/media?parent=19021"}],"wp:term":[{"taxonomy":"category","embeddable":true,"href":"http:\/\/www.paroisse-aucamville-st-loup-cammas.fr\/site\/wp-json\/wp\/v2\/categories?post=19021"},{"taxonomy":"post_tag","embeddable":true,"href":"http:\/\/www.paroisse-aucamville-st-loup-cammas.fr\/site\/wp-json\/wp\/v2\/tags?post=19021"}],"curies":[{"name":"wp","href":"https:\/\/api.w.org\/{rel}","templated":true}]}}