{"id":19209,"date":"2023-04-02T11:48:37","date_gmt":"2023-04-02T10:48:37","guid":{"rendered":"https:\/\/www.paroisse-aucamville-st-loup-cammas.fr\/site\/?p=19209"},"modified":"2023-04-02T11:48:37","modified_gmt":"2023-04-02T10:48:37","slug":"confessions-et-celebrations-penitentielles","status":"publish","type":"post","link":"http:\/\/www.paroisse-aucamville-st-loup-cammas.fr\/site\/confessions-et-celebrations-penitentielles\/","title":{"rendered":"Confessions et c\u00e9l\u00e9brations p\u00e9nitentielles"},"content":{"rendered":"<p align=\"JUSTIFY\">Comme chaque ann\u00e9e avant P\u00e2ques, des c\u00e9l\u00e9brations p\u00e9nitentielles et des confessions sont organis\u00e9es dans notre secteur paroissial.<\/p>\n<p align=\"JUSTIFY\">Trois rendez-vous sont propos\u00e9s :<\/p>\n<p align=\"JUSTIFY\"><span style=\"color: #800000;\">C\u00e9l\u00e9brations p\u00e9nitentielles\u00a0:<\/span><\/p>\n<p align=\"JUSTIFY\">&#8211; mardi 4 avril \u00e0 20h30 \u00e0 l&rsquo;\u00e9glise de Pechbonnieu<\/p>\n<p align=\"JUSTIFY\">&#8211; mercredi 5 avril \u00e0 20h30 \u00e0 l&rsquo;\u00e9glise de Castelginest<\/p>\n<p align=\"JUSTIFY\"><span style=\"color: #800000;\">Confessions<\/span> samedi 8 avril de 10h \u00e0 12h \u00e0 l&rsquo;\u00e9glise d&rsquo;Aucamville<\/p>\n<p>&nbsp;<\/p>\n<p>&nbsp;<\/p>\n","protected":false},"excerpt":{"rendered":"<p>Comme chaque ann\u00e9e avant P\u00e2ques, des c\u00e9l\u00e9brations p\u00e9nitentielles et des [&hellip;]<\/p>\n","protected":false},"author":17,"featured_media":19210,"comment_status":"closed","ping_status":"closed","sticky":false,"template":"","format":"standard","meta":[],"categories":[94,91,69],"tags":[],"jetpack_featured_media_url":"http:\/\/www.paroisse-aucamville-st-loup-cammas.fr\/site\/wp-content\/uploads\/reconciliation.jpg","_links":{"self":[{"href":"http:\/\/www.paroisse-aucamville-st-loup-cammas.fr\/site\/wp-json\/wp\/v2\/posts\/19209"}],"collection":[{"href":"http:\/\/www.paroisse-aucamville-st-loup-cammas.fr\/site\/wp-json\/wp\/v2\/posts"}],"about":[{"href":"http:\/\/www.paroisse-aucamville-st-loup-cammas.fr\/site\/wp-json\/wp\/v2\/types\/post"}],"author":[{"embeddable":true,"href":"http:\/\/www.paroisse-aucamville-st-loup-cammas.fr\/site\/wp-json\/wp\/v2\/users\/17"}],"replies":[{"embeddable":true,"href":"http:\/\/www.paroisse-aucamville-st-loup-cammas.fr\/site\/wp-json\/wp\/v2\/comments?post=19209"}],"version-history":[{"count":1,"href":"http:\/\/www.paroisse-aucamville-st-loup-cammas.fr\/site\/wp-json\/wp\/v2\/posts\/19209\/revisions"}],"predecessor-version":[{"id":19211,"href":"http:\/\/www.paroisse-aucamville-st-loup-cammas.fr\/site\/wp-json\/wp\/v2\/posts\/19209\/revisions\/19211"}],"wp:featuredmedia":[{"embeddable":true,"href":"http:\/\/www.paroisse-aucamville-st-loup-cammas.fr\/site\/wp-json\/wp\/v2\/media\/19210"}],"wp:attachment":[{"href":"http:\/\/www.paroisse-aucamville-st-loup-cammas.fr\/site\/wp-json\/wp\/v2\/media?parent=19209"}],"wp:term":[{"taxonomy":"category","embeddable":true,"href":"http:\/\/www.paroisse-aucamville-st-loup-cammas.fr\/site\/wp-json\/wp\/v2\/categories?post=19209"},{"taxonomy":"post_tag","embeddable":true,"href":"http:\/\/www.paroisse-aucamville-st-loup-cammas.fr\/site\/wp-json\/wp\/v2\/tags?post=19209"}],"curies":[{"name":"wp","href":"https:\/\/api.w.org\/{rel}","templated":true}]}}