{"id":19369,"date":"2023-07-04T17:32:48","date_gmt":"2023-07-04T16:32:48","guid":{"rendered":"https:\/\/www.paroisse-aucamville-st-loup-cammas.fr\/site\/?p=19369"},"modified":"2023-07-04T17:32:48","modified_gmt":"2023-07-04T16:32:48","slug":"fete-paroissiale-la-fraternite-tout-simplement","status":"publish","type":"post","link":"http:\/\/www.paroisse-aucamville-st-loup-cammas.fr\/site\/fete-paroissiale-la-fraternite-tout-simplement\/","title":{"rendered":"F\u00eate paroissiale\u00a0: la fraternit\u00e9 tout simplement."},"content":{"rendered":"<p align=\"JUSTIFY\"><span style=\"font-family: Times New Roman, serif;\">Notre messe d&rsquo;action de gr\u00e2ce pour l&rsquo;ann\u00e9e \u00e9coul\u00e9e a \u00e9t\u00e9 v\u00e9cue en l&rsquo;\u00e9glise de Castelginest. Plusieurs \u00e9v\u00e9nements y ont \u00e9t\u00e9 c\u00e9l\u00e9br\u00e9s : la fin de l&rsquo;ann\u00e9e paroissiale, la f\u00eate de Castelginest et la 1\u00e8re communion d&rsquo;Eug\u00e9nie et Anna\u00eblle. Tout cela dans une \u00e9glise remplie de ferveur o\u00f9 nous nous sommes sentis en communion les uns avec les autres. Toute la communaut\u00e9 \u00e9tait l\u00e0 pour rendre gr\u00e2ce pour les fruits re\u00e7us de cette ann\u00e9e au service de notre Seigneur.<\/span><\/p>\n<p align=\"JUSTIFY\"><span style=\"font-family: Times New Roman, serif;\">Apr\u00e8s la c\u00e9l\u00e9bration une partie des paroissiens se s&rsquo;est retrouv\u00e9e pour un repas partag\u00e9 \u00e0 la salle Mauvezin, \u00e0 c\u00f4t\u00e9 du cin\u00e9ma de la ville. Ambiance d\u00e9contract\u00e9e o\u00f9 nous avons attendu le p\u00e8re Pascal qui cherchait ses clefs. La bonne humeur \u00e9tait au rendez-vous, un temps propice pour faire connaissance avec des personnes que nous ne c\u00f4toyons pas habituellement. Quelques cat\u00e9chum\u00e8nes et nouveaux confirm\u00e9s \u00e9taient \u00e9galement pr\u00e9sents et ont pu rencontrer une communaut\u00e9 joyeuse et accueillante.<\/span><\/p>\n<p align=\"JUSTIFY\"><span style=\"font-family: Times New Roman, serif;\">La pluie ayant cess\u00e9 et le soleil faisant de timides apparitions, apr\u00e8s le repas partag\u00e9 nous avons pu aller dans le jardin attenant o\u00f9 des jeux \u00e9taient organis\u00e9s pour les enfants. Mais quelle ne fut pas notre surprise de voir des adultes jouer au chamboul&rsquo;tout, au mikado ou au Molky. Un moment de d\u00e9tente dans la simplicit\u00e9 et la joie.<\/span><\/p>\n<p align=\"JUSTIFY\"><span style=\"font-family: Times New Roman, serif;\">Ce sont dans les instants v\u00e9cues avec nos fr\u00e8res que nous te trouvons Seigneur, Gloire \u00e0 Toi.<\/span><\/p>\n","protected":false},"excerpt":{"rendered":"<p>Notre messe d&rsquo;action de gr\u00e2ce pour l&rsquo;ann\u00e9e \u00e9coul\u00e9e a \u00e9t\u00e9 [&hellip;]<\/p>\n","protected":false},"author":17,"featured_media":19370,"comment_status":"closed","ping_status":"closed","sticky":false,"template":"","format":"standard","meta":[],"categories":[77,88,94,91,69],"tags":[],"jetpack_featured_media_url":"http:\/\/www.paroisse-aucamville-st-loup-cammas.fr\/site\/wp-content\/uploads\/20230702_110450.jpg","_links":{"self":[{"href":"http:\/\/www.paroisse-aucamville-st-loup-cammas.fr\/site\/wp-json\/wp\/v2\/posts\/19369"}],"collection":[{"href":"http:\/\/www.paroisse-aucamville-st-loup-cammas.fr\/site\/wp-json\/wp\/v2\/posts"}],"about":[{"href":"http:\/\/www.paroisse-aucamville-st-loup-cammas.fr\/site\/wp-json\/wp\/v2\/types\/post"}],"author":[{"embeddable":true,"href":"http:\/\/www.paroisse-aucamville-st-loup-cammas.fr\/site\/wp-json\/wp\/v2\/users\/17"}],"replies":[{"embeddable":true,"href":"http:\/\/www.paroisse-aucamville-st-loup-cammas.fr\/site\/wp-json\/wp\/v2\/comments?post=19369"}],"version-history":[{"count":2,"href":"http:\/\/www.paroisse-aucamville-st-loup-cammas.fr\/site\/wp-json\/wp\/v2\/posts\/19369\/revisions"}],"predecessor-version":[{"id":19376,"href":"http:\/\/www.paroisse-aucamville-st-loup-cammas.fr\/site\/wp-json\/wp\/v2\/posts\/19369\/revisions\/19376"}],"wp:featuredmedia":[{"embeddable":true,"href":"http:\/\/www.paroisse-aucamville-st-loup-cammas.fr\/site\/wp-json\/wp\/v2\/media\/19370"}],"wp:attachment":[{"href":"http:\/\/www.paroisse-aucamville-st-loup-cammas.fr\/site\/wp-json\/wp\/v2\/media?parent=19369"}],"wp:term":[{"taxonomy":"category","embeddable":true,"href":"http:\/\/www.paroisse-aucamville-st-loup-cammas.fr\/site\/wp-json\/wp\/v2\/categories?post=19369"},{"taxonomy":"post_tag","embeddable":true,"href":"http:\/\/www.paroisse-aucamville-st-loup-cammas.fr\/site\/wp-json\/wp\/v2\/tags?post=19369"}],"curies":[{"name":"wp","href":"https:\/\/api.w.org\/{rel}","templated":true}]}}