{"id":19424,"date":"2023-09-04T18:42:03","date_gmt":"2023-09-04T17:42:03","guid":{"rendered":"https:\/\/www.paroisse-aucamville-st-loup-cammas.fr\/site\/?p=19424"},"modified":"2023-09-04T18:42:03","modified_gmt":"2023-09-04T17:42:03","slug":"la-rentree-cest-aussi-pour-le-kt-et-laumonerie","status":"publish","type":"post","link":"http:\/\/www.paroisse-aucamville-st-loup-cammas.fr\/site\/la-rentree-cest-aussi-pour-le-kt-et-laumonerie\/","title":{"rendered":"La rentr\u00e9e c&rsquo;est aussi pour le KT et l&rsquo;aum\u00f4nerie !"},"content":{"rendered":"<p>La rentr\u00e9e au KT et \u00e0 l&rsquo;aum\u00f4nerie \u00e7a commence par les inscriptions. Elles auront lieu les<\/p>\n<p>&#8211; mercredi 20 septembre de 15h \u00e0 18h au centre paroissial de Castelginest &#8211; 8 rue Malconseil<\/p>\n<p>ou<\/p>\n<p>&#8211; samedi 23 septembre de 9h30 \u00e0 12h au centre paroissial de Labastide Saint Sernin &#8211; 1 rue de la Cahuzi\u00e8re<\/p>\n<p>pour les enfants de la petite section de maternelle aux jeunes coll\u00e9giens.<\/p>\n<p>Lors de ces journ\u00e9es les dates des r\u00e9unions avec les parents et les dates des rencontres et activit\u00e9s vous seront pr\u00e9cis\u00e9es.<\/p>\n","protected":false},"excerpt":{"rendered":"<p>La rentr\u00e9e au KT et \u00e0 l&rsquo;aum\u00f4nerie \u00e7a commence par [&hellip;]<\/p>\n","protected":false},"author":17,"featured_media":19425,"comment_status":"closed","ping_status":"closed","sticky":false,"template":"","format":"standard","meta":[],"categories":[84,81,76,94,69],"tags":[],"jetpack_featured_media_url":"http:\/\/www.paroisse-aucamville-st-loup-cammas.fr\/site\/wp-content\/uploads\/20230826_192319.jpg","_links":{"self":[{"href":"http:\/\/www.paroisse-aucamville-st-loup-cammas.fr\/site\/wp-json\/wp\/v2\/posts\/19424"}],"collection":[{"href":"http:\/\/www.paroisse-aucamville-st-loup-cammas.fr\/site\/wp-json\/wp\/v2\/posts"}],"about":[{"href":"http:\/\/www.paroisse-aucamville-st-loup-cammas.fr\/site\/wp-json\/wp\/v2\/types\/post"}],"author":[{"embeddable":true,"href":"http:\/\/www.paroisse-aucamville-st-loup-cammas.fr\/site\/wp-json\/wp\/v2\/users\/17"}],"replies":[{"embeddable":true,"href":"http:\/\/www.paroisse-aucamville-st-loup-cammas.fr\/site\/wp-json\/wp\/v2\/comments?post=19424"}],"version-history":[{"count":2,"href":"http:\/\/www.paroisse-aucamville-st-loup-cammas.fr\/site\/wp-json\/wp\/v2\/posts\/19424\/revisions"}],"predecessor-version":[{"id":19427,"href":"http:\/\/www.paroisse-aucamville-st-loup-cammas.fr\/site\/wp-json\/wp\/v2\/posts\/19424\/revisions\/19427"}],"wp:featuredmedia":[{"embeddable":true,"href":"http:\/\/www.paroisse-aucamville-st-loup-cammas.fr\/site\/wp-json\/wp\/v2\/media\/19425"}],"wp:attachment":[{"href":"http:\/\/www.paroisse-aucamville-st-loup-cammas.fr\/site\/wp-json\/wp\/v2\/media?parent=19424"}],"wp:term":[{"taxonomy":"category","embeddable":true,"href":"http:\/\/www.paroisse-aucamville-st-loup-cammas.fr\/site\/wp-json\/wp\/v2\/categories?post=19424"},{"taxonomy":"post_tag","embeddable":true,"href":"http:\/\/www.paroisse-aucamville-st-loup-cammas.fr\/site\/wp-json\/wp\/v2\/tags?post=19424"}],"curies":[{"name":"wp","href":"https:\/\/api.w.org\/{rel}","templated":true}]}}