{"id":19434,"date":"2023-09-13T16:41:20","date_gmt":"2023-09-13T15:41:20","guid":{"rendered":"https:\/\/www.paroisse-aucamville-st-loup-cammas.fr\/site\/?p=19434"},"modified":"2023-09-13T16:43:25","modified_gmt":"2023-09-13T15:43:25","slug":"prerentree-pour-le-catechumenat","status":"publish","type":"post","link":"http:\/\/www.paroisse-aucamville-st-loup-cammas.fr\/site\/prerentree-pour-le-catechumenat\/","title":{"rendered":"Pr\u00e9rentr\u00e9e pour le cat\u00e9chum\u00e9nat"},"content":{"rendered":"<p style=\"text-align: justify;\">D\u00e9but septembre il est temps pour les accompagnateurs des cat\u00e9chum\u00e8nes de programmer l&rsquo;ann\u00e9e qui s&rsquo;annonce. Entre les rencontres de l&rsquo;\u00e9quipe, celles avec les personnes accompagn\u00e9es et les rendez-vous en dioc\u00e8se, le planning est charg\u00e9 et les ouvriers peu nombreux. Une neuvaine est donc commenc\u00e9e pour trouver des ouvriers de la derni\u00e8re heure. Tous les volontaires seront les bienvenus !<\/p>\n<p style=\"text-align: justify;\">Il faut \u00e9galement tout pr\u00e9voir pour \u00e9quilibrer vies familiale, professionnelle et pastorale. Une t\u00e2che ardue faite par l&rsquo;\u00e9quipe avec le sourire et dans la confiance en notre Seigneur.<\/p>\n<p>Prochaine \u00e9tape : le lancement de l&rsquo;ann\u00e9e avec toutes celles et ceux qui se pr\u00e9parent \u00e0 recevoir un sacrement de l&rsquo;initiation.<\/p>\n<p>&nbsp;<\/p>\n","protected":false},"excerpt":{"rendered":"<p>D\u00e9but septembre il est temps pour les accompagnateurs des cat\u00e9chum\u00e8nes [&hellip;]<\/p>\n","protected":false},"author":17,"featured_media":19435,"comment_status":"closed","ping_status":"closed","sticky":false,"template":"","format":"standard","meta":[],"categories":[89,94,69],"tags":[],"jetpack_featured_media_url":"http:\/\/www.paroisse-aucamville-st-loup-cammas.fr\/site\/wp-content\/uploads\/20230907_210117.jpg","_links":{"self":[{"href":"http:\/\/www.paroisse-aucamville-st-loup-cammas.fr\/site\/wp-json\/wp\/v2\/posts\/19434"}],"collection":[{"href":"http:\/\/www.paroisse-aucamville-st-loup-cammas.fr\/site\/wp-json\/wp\/v2\/posts"}],"about":[{"href":"http:\/\/www.paroisse-aucamville-st-loup-cammas.fr\/site\/wp-json\/wp\/v2\/types\/post"}],"author":[{"embeddable":true,"href":"http:\/\/www.paroisse-aucamville-st-loup-cammas.fr\/site\/wp-json\/wp\/v2\/users\/17"}],"replies":[{"embeddable":true,"href":"http:\/\/www.paroisse-aucamville-st-loup-cammas.fr\/site\/wp-json\/wp\/v2\/comments?post=19434"}],"version-history":[{"count":2,"href":"http:\/\/www.paroisse-aucamville-st-loup-cammas.fr\/site\/wp-json\/wp\/v2\/posts\/19434\/revisions"}],"predecessor-version":[{"id":19438,"href":"http:\/\/www.paroisse-aucamville-st-loup-cammas.fr\/site\/wp-json\/wp\/v2\/posts\/19434\/revisions\/19438"}],"wp:featuredmedia":[{"embeddable":true,"href":"http:\/\/www.paroisse-aucamville-st-loup-cammas.fr\/site\/wp-json\/wp\/v2\/media\/19435"}],"wp:attachment":[{"href":"http:\/\/www.paroisse-aucamville-st-loup-cammas.fr\/site\/wp-json\/wp\/v2\/media?parent=19434"}],"wp:term":[{"taxonomy":"category","embeddable":true,"href":"http:\/\/www.paroisse-aucamville-st-loup-cammas.fr\/site\/wp-json\/wp\/v2\/categories?post=19434"},{"taxonomy":"post_tag","embeddable":true,"href":"http:\/\/www.paroisse-aucamville-st-loup-cammas.fr\/site\/wp-json\/wp\/v2\/tags?post=19434"}],"curies":[{"name":"wp","href":"https:\/\/api.w.org\/{rel}","templated":true}]}}