{"id":19449,"date":"2023-09-17T17:50:28","date_gmt":"2023-09-17T16:50:28","guid":{"rendered":"https:\/\/www.paroisse-aucamville-st-loup-cammas.fr\/site\/?p=19449"},"modified":"2023-09-17T17:50:28","modified_gmt":"2023-09-17T16:50:28","slug":"compte-rendu-succinct-des-reunions-de-lequipe-danimation-pastorale","status":"publish","type":"post","link":"http:\/\/www.paroisse-aucamville-st-loup-cammas.fr\/site\/compte-rendu-succinct-des-reunions-de-lequipe-danimation-pastorale\/","title":{"rendered":"Compte-rendu succinct des r\u00e9unions de l&rsquo;Equipe d&rsquo;Animation Pastorale."},"content":{"rendered":"<p>D\u00e9sormais un compte-rendu des r\u00e9unions de l&rsquo;EAP (Equipe d&rsquo;Animation Pastorale) sera affich\u00e9 dans les \u00e9glises de notre secteur paroissial. Ce sera un compte-rendu des d\u00e9cisions prises et des informations n\u00e9cessaires aux paroissiens sur le vie de notre ensemble paroissial.<\/p>\n<p>Vous pourrez \u00e9galement retrouver ce compte-rendu sur ce site \u00e0 l&rsquo;onglet \u00ab\u00a0la paroisse\u00a0\u00bb, rubrique Equipe d&rsquo;Animation Pastorale.<\/p>\n","protected":false},"excerpt":{"rendered":"<p>D\u00e9sormais un compte-rendu des r\u00e9unions de l&rsquo;EAP (Equipe d&rsquo;Animation Pastorale) [&hellip;]<\/p>\n","protected":false},"author":17,"featured_media":19450,"comment_status":"closed","ping_status":"closed","sticky":false,"template":"","format":"standard","meta":[],"categories":[88,94,69],"tags":[],"jetpack_featured_media_url":"http:\/\/www.paroisse-aucamville-st-loup-cammas.fr\/site\/wp-content\/uploads\/20230701_134151.jpg","_links":{"self":[{"href":"http:\/\/www.paroisse-aucamville-st-loup-cammas.fr\/site\/wp-json\/wp\/v2\/posts\/19449"}],"collection":[{"href":"http:\/\/www.paroisse-aucamville-st-loup-cammas.fr\/site\/wp-json\/wp\/v2\/posts"}],"about":[{"href":"http:\/\/www.paroisse-aucamville-st-loup-cammas.fr\/site\/wp-json\/wp\/v2\/types\/post"}],"author":[{"embeddable":true,"href":"http:\/\/www.paroisse-aucamville-st-loup-cammas.fr\/site\/wp-json\/wp\/v2\/users\/17"}],"replies":[{"embeddable":true,"href":"http:\/\/www.paroisse-aucamville-st-loup-cammas.fr\/site\/wp-json\/wp\/v2\/comments?post=19449"}],"version-history":[{"count":1,"href":"http:\/\/www.paroisse-aucamville-st-loup-cammas.fr\/site\/wp-json\/wp\/v2\/posts\/19449\/revisions"}],"predecessor-version":[{"id":19451,"href":"http:\/\/www.paroisse-aucamville-st-loup-cammas.fr\/site\/wp-json\/wp\/v2\/posts\/19449\/revisions\/19451"}],"wp:featuredmedia":[{"embeddable":true,"href":"http:\/\/www.paroisse-aucamville-st-loup-cammas.fr\/site\/wp-json\/wp\/v2\/media\/19450"}],"wp:attachment":[{"href":"http:\/\/www.paroisse-aucamville-st-loup-cammas.fr\/site\/wp-json\/wp\/v2\/media?parent=19449"}],"wp:term":[{"taxonomy":"category","embeddable":true,"href":"http:\/\/www.paroisse-aucamville-st-loup-cammas.fr\/site\/wp-json\/wp\/v2\/categories?post=19449"},{"taxonomy":"post_tag","embeddable":true,"href":"http:\/\/www.paroisse-aucamville-st-loup-cammas.fr\/site\/wp-json\/wp\/v2\/tags?post=19449"}],"curies":[{"name":"wp","href":"https:\/\/api.w.org\/{rel}","templated":true}]}}