{"id":20430,"date":"2025-04-06T18:53:20","date_gmt":"2025-04-06T17:53:20","guid":{"rendered":"http:\/\/www.paroisse-aucamville-st-loup-cammas.fr\/site\/?p=20430"},"modified":"2025-04-06T18:53:20","modified_gmt":"2025-04-06T17:53:20","slug":"la-chorale-prepare-paques","status":"publish","type":"post","link":"http:\/\/www.paroisse-aucamville-st-loup-cammas.fr\/site\/la-chorale-prepare-paques\/","title":{"rendered":"La chorale pr\u00e9pare P\u00e2ques."},"content":{"rendered":"<p>La Semaine Sainte est le sommet de notre vie de croyant avec, comme point culminant la R\u00e9surrection du Christ le dimanche matin.<\/p>\n<p>Pour pr\u00e9parer ce moment solennel, la chorale s&rsquo;est r\u00e9unie tout un samedi pour r\u00e9p\u00e9ter tous les chants du Triduum Pascal. Bien accompagner l&rsquo;assembl\u00e9e dans la c\u00e9l\u00e9bration de la C\u00e8ne, les t\u00e9n\u00e8bres du Vendredi Saint, l&rsquo;esp\u00e9rance de la vigile pascale et la joie de P\u00e2ques tient \u00e0 coeur \u00e0 notre chorale paroissiale. Mais la chorale ne serait pas vraiment la chorale sans sa bonne humeur. Aussi, c&rsquo;est en passant un bon moment de fraternit\u00e9 et de convivialit\u00e9 qu&rsquo;elle a r\u00e9p\u00e9t\u00e9 s\u00e9rieusement tous les chants et partag\u00e9 un repas joyeux.<\/p>\n","protected":false},"excerpt":{"rendered":"<p>La Semaine Sainte est le sommet de notre vie de [&hellip;]<\/p>\n","protected":false},"author":17,"featured_media":20431,"comment_status":"closed","ping_status":"closed","sticky":false,"template":"","format":"standard","meta":[],"categories":[80,94,69],"tags":[],"jetpack_featured_media_url":"http:\/\/www.paroisse-aucamville-st-loup-cammas.fr\/site\/wp-content\/uploads\/IMG-20250329-WA0001.jpg","_links":{"self":[{"href":"http:\/\/www.paroisse-aucamville-st-loup-cammas.fr\/site\/wp-json\/wp\/v2\/posts\/20430"}],"collection":[{"href":"http:\/\/www.paroisse-aucamville-st-loup-cammas.fr\/site\/wp-json\/wp\/v2\/posts"}],"about":[{"href":"http:\/\/www.paroisse-aucamville-st-loup-cammas.fr\/site\/wp-json\/wp\/v2\/types\/post"}],"author":[{"embeddable":true,"href":"http:\/\/www.paroisse-aucamville-st-loup-cammas.fr\/site\/wp-json\/wp\/v2\/users\/17"}],"replies":[{"embeddable":true,"href":"http:\/\/www.paroisse-aucamville-st-loup-cammas.fr\/site\/wp-json\/wp\/v2\/comments?post=20430"}],"version-history":[{"count":2,"href":"http:\/\/www.paroisse-aucamville-st-loup-cammas.fr\/site\/wp-json\/wp\/v2\/posts\/20430\/revisions"}],"predecessor-version":[{"id":20436,"href":"http:\/\/www.paroisse-aucamville-st-loup-cammas.fr\/site\/wp-json\/wp\/v2\/posts\/20430\/revisions\/20436"}],"wp:featuredmedia":[{"embeddable":true,"href":"http:\/\/www.paroisse-aucamville-st-loup-cammas.fr\/site\/wp-json\/wp\/v2\/media\/20431"}],"wp:attachment":[{"href":"http:\/\/www.paroisse-aucamville-st-loup-cammas.fr\/site\/wp-json\/wp\/v2\/media?parent=20430"}],"wp:term":[{"taxonomy":"category","embeddable":true,"href":"http:\/\/www.paroisse-aucamville-st-loup-cammas.fr\/site\/wp-json\/wp\/v2\/categories?post=20430"},{"taxonomy":"post_tag","embeddable":true,"href":"http:\/\/www.paroisse-aucamville-st-loup-cammas.fr\/site\/wp-json\/wp\/v2\/tags?post=20430"}],"curies":[{"name":"wp","href":"https:\/\/api.w.org\/{rel}","templated":true}]}}