{"id":20536,"date":"2025-05-18T15:26:03","date_gmt":"2025-05-18T14:26:03","guid":{"rendered":"http:\/\/www.paroisse-aucamville-st-loup-cammas.fr\/site\/?p=20536"},"modified":"2025-05-18T15:26:03","modified_gmt":"2025-05-18T14:26:03","slug":"nos-petits-a-la-basilique-de-saint-sernin","status":"publish","type":"post","link":"http:\/\/www.paroisse-aucamville-st-loup-cammas.fr\/site\/nos-petits-a-la-basilique-de-saint-sernin\/","title":{"rendered":"Nos petits \u00e0 la basilique de Saint Sernin."},"content":{"rendered":"<p align=\"JUSTIFY\">Ce samedi 10 mai nous nous sommes rendus en p\u00e8lerinage avec les enfants de l\u2019\u00e9veil \u00e0 la foi et du CE2 et leur famille, pour leur faire d\u00e9couvrir le saint patron du dioc\u00e8se de Toulouse.<\/p>\n<p align=\"JUSTIFY\">Tr\u00e8s t\u00f4t le matin, nous nous sommes donn\u00e9 rendez vous sur la place Jeanne D\u2019Arc. Une trentaine d\u2019enfants, leurs parents et leurs cat\u00e9chistes, nous sont all\u00e9s \u00e0 pied jusqu\u2019\u00e0 la Basilique Saint Sernin.<\/p>\n<p align=\"JUSTIFY\">Arriv\u00e9s sur place une de nos guides b\u00e9n\u00e9voles \u00e9tait d\u00e9j\u00e0 pr\u00e9sente, elle ne voulais pas rater notre sayn\u00e8te du jour car c\u2019est la premi\u00e8re fois qu\u2019elle d\u00e9couvrait Saint Saturnin sous cet angle.<\/p>\n<p align=\"JUSTIFY\">Tous joyeux, les enfants ont pu participer pleinement \u00e0 la sayn\u00e8te, qui \u00e9tait simple et courte.<\/p>\n<p align=\"JUSTIFY\"><span style=\"color: #0000ff;\">Saint Saturnin a \u00e9t\u00e9 \u00e9cout\u00e9 de tous ; voici ce qu\u2019il a annonc\u00e9 aux parents et aux enfants ce jour-l\u00e0 : <i>\u00ab \u00c9coutez tous, je suis envoy\u00e9 par le Pape pour vous annoncer, habitants de Toulouse, une bonne nouvelle : Dieu vous aime et vous a envoy\u00e9 J\u00e9sus son Fils. Il y a un seul corps et un seul Esprit, comme aussi vous avez \u00e9t\u00e9 appel\u00e9s pour une seule esp\u00e9rance de votre appel. Un seul Seigneur, une seule foi, un seul bapt\u00eame. Un seul DIEU et P\u00e8re de tous, qui est au-dessus de tout, et partout, et en nous tous. Voici donc ce que je dis et t\u00e9moigne dans le Seigneur, c\u2019est que vous ne marchiez plus comme les romains qui mettent leur foi dans des faux dieux. Convertissez vous, croyez \u00e0 la bonne nouvelle de J\u00e9sus et faites-vous baptiser. Oui nous voulons recevoir la vie de Dieu \u00bb<\/i> <\/span><\/p>\n<p align=\"JUSTIFY\"><span style=\"color: #0000ff;\">Saturnin, qui est connu dans la ville pour \u00eatre l\u2019\u00e9v\u00eaque chr\u00e9tien, vient \u00e0 passer par l\u00e0 dans l\u2019acte 2 de la sayn\u00e8te, alors qu\u2019au m\u00eame moment un pr\u00eatre pa\u00efen adresse sa pri\u00e8re \u00e0 la d\u00e9esse et offre un taureau en sacrifice, mais il ne sait pas qu\u2019il s\u2019adresse aux d\u00e9mons; <\/span><\/p>\n<p align=\"JUSTIFY\"><span style=\"color: #0000ff;\">Les d\u00e9mons redoutaient tellement l\u2019\u00e9v\u00eaque de Toulouse saint Sernin, qu&rsquo;ils cess\u00e8rent de rendre leurs oracles, malgr\u00e9 les sacrifices d&rsquo;animaux qu&rsquo;on leur offrait. <\/span><\/p>\n<p align=\"JUSTIFY\"><span style=\"color: #0000ff;\">Perturb\u00e9s par le silence de leurs dieux, les pr\u00eatres pa\u00efens r\u00e9solurent de faire mourir saint Sernin. Quelqu\u2019un, dans la foule, reconn\u00fbt Saint Sernin et s\u2019\u00e9cria <i>\u00ab c\u2019est lui, l\u2019ennemi de notre croyance\u202f\u00bb<\/i>.<\/span><\/p>\n<p align=\"JUSTIFY\"><span style=\"color: #0000ff;\">A ce moment on pousse Saint Sernin sur l\u2019estrade du Capitole. Et on le force \u00e0 v\u00e9n\u00e9rer la d\u00e9esse, les d\u00e9mons\u2026. Mais fort de sa Foi il t\u00e9moigne : <i>\u00ab\u00a0Je ne connais qu\u2019un Dieu unique et v\u00e9ritable, c\u2019est \u00e0 lui que je rend un culte que j\u2019immolerai les sacrifices de louanges. Vos dieux sont des d\u00e9mons\u00a0\u00bb. <\/i><\/span><\/p>\n<p align=\"JUSTIFY\"><span style=\"color: #0000ff;\">Alors la foule se met \u00e0 vocif\u00e9rer contre le saint, r\u00e9clamant sa mort. \u00ab\u202f<span style=\"font-family: Times New Roman, serif;\">\u00c0<\/span> Mort, <span style=\"font-family: Times New Roman, serif;\">\u00c0<\/span> Mort\u202f\u00bb <\/span><\/p>\n<p align=\"JUSTIFY\"><span style=\"color: #0000ff;\">On l\u2019attache par les pieds aux flancs du taureau qui s\u2019est \u00e9lanc\u00e9 et est parti en courant, et le pr\u00eatre pa\u00efen l\u2019a aid\u00e9 \u00e0 tirer sur la corde car l\u2019\u00e9v\u00eaque \u00e9tait un peu lourd sur ces quelques m\u00e8tres jusqu\u2019\u00e0 ce qu&rsquo; une pierre heurte sa t\u00eate : L\u2019\u00e9v\u00eaque est mort. Il a rejoint celui qu\u2019il aimait. Son martyre a \u00e9t\u00e9 semence de chr\u00e9tiens en notre ville de Toulouse. <\/span><\/p>\n<p align=\"JUSTIFY\">Puis nous sommes entr\u00e9s dans la basilique o\u00f9 nous \u00e9tions attendus pour prier sur la tombe de l&rsquo;\u00e9v\u00eaque saint Sernin, un moment de gr\u00e2ce car l\u2019acc\u00e8s n&rsquo;y est possible que le 29 novembre chaque ann\u00e9e; puis nous avons eu une petite visite de l\u2019\u00e9glise rien que pour nous avec trois guides qui nous attendaient. Chaque enfant a re\u00e7u ce jour en cadeau une image de Saint Sernin avec une petite pri\u00e8re au dos. Et nous termin\u00e2mes avec un repas tir\u00e9 du sac.<\/p>\n<p align=\"JUSTIFY\">Une tr\u00e8s belle matin\u00e9e pour finir notre ann\u00e9e avec les enfants de l\u2019\u00e9veil \u00e0 la foi et du CE2<\/p>\n","protected":false},"excerpt":{"rendered":"<p>Ce samedi 10 mai nous nous sommes rendus en p\u00e8lerinage [&hellip;]<\/p>\n","protected":false},"author":17,"featured_media":20537,"comment_status":"closed","ping_status":"closed","sticky":false,"template":"","format":"standard","meta":[],"categories":[81,76,94,69],"tags":[],"jetpack_featured_media_url":"http:\/\/www.paroisse-aucamville-st-loup-cammas.fr\/site\/wp-content\/uploads\/download-10.jpg","_links":{"self":[{"href":"http:\/\/www.paroisse-aucamville-st-loup-cammas.fr\/site\/wp-json\/wp\/v2\/posts\/20536"}],"collection":[{"href":"http:\/\/www.paroisse-aucamville-st-loup-cammas.fr\/site\/wp-json\/wp\/v2\/posts"}],"about":[{"href":"http:\/\/www.paroisse-aucamville-st-loup-cammas.fr\/site\/wp-json\/wp\/v2\/types\/post"}],"author":[{"embeddable":true,"href":"http:\/\/www.paroisse-aucamville-st-loup-cammas.fr\/site\/wp-json\/wp\/v2\/users\/17"}],"replies":[{"embeddable":true,"href":"http:\/\/www.paroisse-aucamville-st-loup-cammas.fr\/site\/wp-json\/wp\/v2\/comments?post=20536"}],"version-history":[{"count":2,"href":"http:\/\/www.paroisse-aucamville-st-loup-cammas.fr\/site\/wp-json\/wp\/v2\/posts\/20536\/revisions"}],"predecessor-version":[{"id":20543,"href":"http:\/\/www.paroisse-aucamville-st-loup-cammas.fr\/site\/wp-json\/wp\/v2\/posts\/20536\/revisions\/20543"}],"wp:featuredmedia":[{"embeddable":true,"href":"http:\/\/www.paroisse-aucamville-st-loup-cammas.fr\/site\/wp-json\/wp\/v2\/media\/20537"}],"wp:attachment":[{"href":"http:\/\/www.paroisse-aucamville-st-loup-cammas.fr\/site\/wp-json\/wp\/v2\/media?parent=20536"}],"wp:term":[{"taxonomy":"category","embeddable":true,"href":"http:\/\/www.paroisse-aucamville-st-loup-cammas.fr\/site\/wp-json\/wp\/v2\/categories?post=20536"},{"taxonomy":"post_tag","embeddable":true,"href":"http:\/\/www.paroisse-aucamville-st-loup-cammas.fr\/site\/wp-json\/wp\/v2\/tags?post=20536"}],"curies":[{"name":"wp","href":"https:\/\/api.w.org\/{rel}","templated":true}]}}