{"id":20681,"date":"2025-07-06T15:30:14","date_gmt":"2025-07-06T14:30:14","guid":{"rendered":"http:\/\/www.paroisse-aucamville-st-loup-cammas.fr\/site\/?p=20681"},"modified":"2025-07-06T15:30:14","modified_gmt":"2025-07-06T14:30:14","slug":"pere-herge-dieudonne-en-vacances-chez-nous","status":"publish","type":"post","link":"http:\/\/www.paroisse-aucamville-st-loup-cammas.fr\/site\/pere-herge-dieudonne-en-vacances-chez-nous\/","title":{"rendered":"P\u00e8re Herg\u00e9-Dieudonn\u00e9 en vacances chez nous."},"content":{"rendered":"<p align=\"JUSTIFY\">Le p\u00e8re Herg\u00e9-dieudonn\u00e9 est venu de la R\u00e9publique D\u00e9mocratique du Congo pour remplacer nos pr\u00eates au mois de juillet. Vous pourrez le joindre sur le num\u00e9ro de t\u00e9l\u00e9phone de p\u00e8re Gibson.<\/p>\n<p>Il se pr\u00e9sente\u00a0:<\/p>\n<p align=\"JUSTIFY\">Je suis p\u00e8re Herg\u00e9-Dieudonn\u00e9 Kapenda, pr\u00eatre de l&rsquo;archidioc\u00e8se de Kinshasa, ordonn\u00e9 le 31 juillet 2011 en la cath\u00e9drale Notre Dame du Congo Kinshasa.<\/p>\n<p align=\"JUSTIFY\">J&rsquo;ai \u00e9t\u00e9 \u00e9conome au grand s\u00e9minaire de th\u00e9ologie Saint Jean XXIII de Kinshasa, vicaire aux paroisses de Saint Pierre, Sainte Lucie et Saint Joseph.<\/p>\n<p align=\"JUSTIFY\">Depuis 2015, je suis vicaire \u00e0 la paroisse Sainte Anne, toujours \u00e0 Kinshasa.<\/p>\n<p align=\"JUSTIFY\">Au grand s\u00e9minaire de th\u00e9ologie classique, j&rsquo;ai fait des \u00e9tudes de droit canonique. Actuellement je m&rsquo;int\u00e9resse \u00e0 la pastorale de la Sant\u00e9.<\/p>\n","protected":false},"excerpt":{"rendered":"<p>Le p\u00e8re Herg\u00e9-dieudonn\u00e9 est venu de la R\u00e9publique D\u00e9mocratique du [&hellip;]<\/p>\n","protected":false},"author":17,"featured_media":20684,"comment_status":"closed","ping_status":"closed","sticky":false,"template":"","format":"standard","meta":[],"categories":[1,94,91],"tags":[],"jetpack_featured_media_url":"http:\/\/www.paroisse-aucamville-st-loup-cammas.fr\/site\/wp-content\/uploads\/20250701_090456-scaled.jpg","_links":{"self":[{"href":"http:\/\/www.paroisse-aucamville-st-loup-cammas.fr\/site\/wp-json\/wp\/v2\/posts\/20681"}],"collection":[{"href":"http:\/\/www.paroisse-aucamville-st-loup-cammas.fr\/site\/wp-json\/wp\/v2\/posts"}],"about":[{"href":"http:\/\/www.paroisse-aucamville-st-loup-cammas.fr\/site\/wp-json\/wp\/v2\/types\/post"}],"author":[{"embeddable":true,"href":"http:\/\/www.paroisse-aucamville-st-loup-cammas.fr\/site\/wp-json\/wp\/v2\/users\/17"}],"replies":[{"embeddable":true,"href":"http:\/\/www.paroisse-aucamville-st-loup-cammas.fr\/site\/wp-json\/wp\/v2\/comments?post=20681"}],"version-history":[{"count":2,"href":"http:\/\/www.paroisse-aucamville-st-loup-cammas.fr\/site\/wp-json\/wp\/v2\/posts\/20681\/revisions"}],"predecessor-version":[{"id":20685,"href":"http:\/\/www.paroisse-aucamville-st-loup-cammas.fr\/site\/wp-json\/wp\/v2\/posts\/20681\/revisions\/20685"}],"wp:featuredmedia":[{"embeddable":true,"href":"http:\/\/www.paroisse-aucamville-st-loup-cammas.fr\/site\/wp-json\/wp\/v2\/media\/20684"}],"wp:attachment":[{"href":"http:\/\/www.paroisse-aucamville-st-loup-cammas.fr\/site\/wp-json\/wp\/v2\/media?parent=20681"}],"wp:term":[{"taxonomy":"category","embeddable":true,"href":"http:\/\/www.paroisse-aucamville-st-loup-cammas.fr\/site\/wp-json\/wp\/v2\/categories?post=20681"},{"taxonomy":"post_tag","embeddable":true,"href":"http:\/\/www.paroisse-aucamville-st-loup-cammas.fr\/site\/wp-json\/wp\/v2\/tags?post=20681"}],"curies":[{"name":"wp","href":"https:\/\/api.w.org\/{rel}","templated":true}]}}