{"id":21197,"date":"2026-09-02T15:18:47","date_gmt":"2026-09-02T14:18:47","guid":{"rendered":"http:\/\/www.paroisse-aucamville-st-loup-cammas.fr\/site\/?p=21197"},"modified":"2026-09-02T15:18:47","modified_gmt":"2026-09-02T14:18:47","slug":"au-quotidien-vivons-ce-que-nous-celebrons-2","status":"publish","type":"post","link":"http:\/\/www.paroisse-aucamville-st-loup-cammas.fr\/site\/au-quotidien-vivons-ce-que-nous-celebrons-2\/","title":{"rendered":"Au quotidien, vivons ce que nous c\u00e9l\u00e9brons."},"content":{"rendered":"<p align=\"JUSTIFY\"><span style=\"color: #00000a;\"><span style=\"font-family: Times New Roman, serif;\"><span style=\"font-size: medium;\">Il m\u2019a paru opportun, au d\u00e9but de cette nouvelle ann\u00e9e pastorale de remettre comme titre de mon \u00e9dito le fil rouge qui a commenc\u00e9 l\u2019ann\u00e9e derni\u00e8re. \u00c7a n\u2019est pas un oubli, nous avions d\u00e9cid\u00e9 en EAP que cela s\u2019\u00e9tendrait sur deux ann\u00e9es cons\u00e9cutives. Il est bien de c\u00e9l\u00e9brer les merveilles et la parole de notre Dieu mais il est encore mieux de les vivre et d\u2019en vivre. Nous allons donc nous lancer dans le m\u00eame \u00e9lan que l\u2019an dernier. <\/span><\/span><\/span><\/p>\n<p align=\"JUSTIFY\"><span style=\"color: #00000a;\"><span style=\"font-family: Times New Roman, serif;\"><span style=\"font-size: medium;\">Plusieurs \u00e9v\u00e9nements festifs vont jalonner cette ann\u00e9e, il sera donc demand\u00e9 aux CPL de garder une attention soutenue l\u00e0-dessus en organisant des rencontres conviviales, festives et spirituelles. C\u2019est ce qui \u00e9tait ressorti lors de notre derni\u00e8re assembl\u00e9e paroissiale. Je vous souhaite donc un grand courage dans les initiatives \u00e0 prendre.<\/span><\/span><\/span><\/p>\n<p align=\"JUSTIFY\"><span style=\"color: #00000a;\"><span style=\"font-family: Times New Roman, serif;\"><span style=\"font-size: medium;\">Afin de conna\u00eetre les grands rendez-vous de septembre, je vous recommande de lire en entier ce num\u00e9ro de bulletin paroissial. Je rappelle encore que l\u2019exp\u00e9rience de la permanence d\u2019accueil que j\u2019ai initi\u00e9e l\u2019ann\u00e9e derni\u00e8re s\u2019est av\u00e9r\u00e9e non concluante. Je suis donc oblig\u00e9e de l\u2019arr\u00eater. D\u00e9sormais je ne recevrai que sur rendez-vous. Par ailleurs, je rappelle que les confessions ont lieu tous les samedis \u00e0 Pechbonnieu de 16h30 \u00e0 17h30 l\u2019\u00e9t\u00e9 et de 15h30 \u00e0 16h30 l\u2019hiver en raison de la messe \u00e0 17h. M\u00eame si \u00e7a m\u2019arrive souvent de n\u2019avoir personne, je garde cette pratique.<\/span><\/span><\/span><\/p>\n<p align=\"JUSTIFY\"><span style=\"color: #00000a;\"><span style=\"font-family: Times New Roman, serif;\"><span style=\"font-size: medium;\">Lors de la messe de rentr\u00e9e, je donnerai une lettre de mission \u00e0 celles et ceux qui ont pris nouvellement une mission ou \u00e0 celles et ceux qui la renouvellent pour les trois prochaines ann\u00e9es.<\/span><\/span><\/span><\/p>\n<p align=\"JUSTIFY\"><span style=\"color: #00000a;\"><span style=\"font-family: Times New Roman, serif;\"><span style=\"font-size: medium;\">Je souhaite \u00e0 toutes et \u00e0 tous une bonne nouvelle ann\u00e9e pastorale\u00a0! <\/span><\/span><\/span><\/p>\n","protected":false},"excerpt":{"rendered":"<p>Il m\u2019a paru opportun, au d\u00e9but de cette nouvelle ann\u00e9e [&hellip;]<\/p>\n","protected":false},"author":17,"featured_media":0,"comment_status":"closed","ping_status":"closed","sticky":false,"template":"","format":"standard","meta":[],"categories":[63],"tags":[],"jetpack_featured_media_url":"","_links":{"self":[{"href":"http:\/\/www.paroisse-aucamville-st-loup-cammas.fr\/site\/wp-json\/wp\/v2\/posts\/21197"}],"collection":[{"href":"http:\/\/www.paroisse-aucamville-st-loup-cammas.fr\/site\/wp-json\/wp\/v2\/posts"}],"about":[{"href":"http:\/\/www.paroisse-aucamville-st-loup-cammas.fr\/site\/wp-json\/wp\/v2\/types\/post"}],"author":[{"embeddable":true,"href":"http:\/\/www.paroisse-aucamville-st-loup-cammas.fr\/site\/wp-json\/wp\/v2\/users\/17"}],"replies":[{"embeddable":true,"href":"http:\/\/www.paroisse-aucamville-st-loup-cammas.fr\/site\/wp-json\/wp\/v2\/comments?post=21197"}],"version-history":[{"count":1,"href":"http:\/\/www.paroisse-aucamville-st-loup-cammas.fr\/site\/wp-json\/wp\/v2\/posts\/21197\/revisions"}],"predecessor-version":[{"id":21198,"href":"http:\/\/www.paroisse-aucamville-st-loup-cammas.fr\/site\/wp-json\/wp\/v2\/posts\/21197\/revisions\/21198"}],"wp:attachment":[{"href":"http:\/\/www.paroisse-aucamville-st-loup-cammas.fr\/site\/wp-json\/wp\/v2\/media?parent=21197"}],"wp:term":[{"taxonomy":"category","embeddable":true,"href":"http:\/\/www.paroisse-aucamville-st-loup-cammas.fr\/site\/wp-json\/wp\/v2\/categories?post=21197"},{"taxonomy":"post_tag","embeddable":true,"href":"http:\/\/www.paroisse-aucamville-st-loup-cammas.fr\/site\/wp-json\/wp\/v2\/tags?post=21197"}],"curies":[{"name":"wp","href":"https:\/\/api.w.org\/{rel}","templated":true}]}}