{"id":13336,"date":"2016-12-15T17:36:41","date_gmt":"2016-12-15T16:36:41","guid":{"rendered":"http:\/\/www.paroisse-aucamville-st-loup-cammas.fr\/site\/?p=13336"},"modified":"2017-01-07T16:25:54","modified_gmt":"2017-01-07T15:25:54","slug":"saint-loup-cammas-une-rencontre-cate-pas-comme-les-autres","status":"publish","type":"post","link":"https:\/\/www.paroisse-aucamville-st-loup-cammas.fr\/site\/saint-loup-cammas-une-rencontre-cate-pas-comme-les-autres\/","title":{"rendered":"Saint-Loup Cammas : une rencontre \u201ccat\u00e9\u201d pas comme les autres !"},"content":{"rendered":"<p style=\"text-align: justify;\">Rencontre de cat\u00e9chisme particuli\u00e8re pour les enfants du groupe CM du mercredi de Saint-Loups Cammas puisqu&rsquo;ils \u00e9taient accueillis \u00e0 l&rsquo;\u00e9glise de Saint-Loup Cammas par des membres de la <a href=\"http:\/\/www.paroisse-aucamville-st-loup-cammas.fr\/site\/cpl\">communaut\u00e9 paroissiale locale<\/a>. Apr\u00e8s une discussion tr\u00e8s s\u00e9rieuse pour savoir o\u00f9 doit \u00eatre Marie dans la cr\u00e8che et puis l&rsquo;\u00e2ne et le boeuf aussi, la cr\u00e8che a pu \u00eatre admir\u00e9e par le groupe. Merci \u00e0 ces enfants qui, par leur rire mais aussi par leur sensibilit\u00e9 rendent ce temps de l&rsquo;Avent si joyeux.<\/p>\n<p>&nbsp;<\/p>\n<p>&nbsp;<\/p>\n<p>&nbsp;<\/p>\n<p>&nbsp;<\/p>\n<p>&nbsp;<\/p>\n<p>&nbsp;<\/p>\n<p>&nbsp;<\/p>\n","protected":false},"excerpt":{"rendered":"<p>Rencontre de cat\u00e9chisme particuli\u00e8re pour les enfants du groupe CM [&hellip;]<\/p>\n","protected":false},"author":1,"featured_media":13320,"comment_status":"closed","ping_status":"closed","sticky":false,"template":"","format":"standard","meta":[],"categories":[77],"tags":[],"jetpack_featured_media_url":"https:\/\/www.paroisse-aucamville-st-loup-cammas.fr\/site\/wp-content\/uploads\/CRECHE_ST_LOUP.jpg","_links":{"self":[{"href":"https:\/\/www.paroisse-aucamville-st-loup-cammas.fr\/site\/wp-json\/wp\/v2\/posts\/13336"}],"collection":[{"href":"https:\/\/www.paroisse-aucamville-st-loup-cammas.fr\/site\/wp-json\/wp\/v2\/posts"}],"about":[{"href":"https:\/\/www.paroisse-aucamville-st-loup-cammas.fr\/site\/wp-json\/wp\/v2\/types\/post"}],"author":[{"embeddable":true,"href":"https:\/\/www.paroisse-aucamville-st-loup-cammas.fr\/site\/wp-json\/wp\/v2\/users\/1"}],"replies":[{"embeddable":true,"href":"https:\/\/www.paroisse-aucamville-st-loup-cammas.fr\/site\/wp-json\/wp\/v2\/comments?post=13336"}],"version-history":[{"count":4,"href":"https:\/\/www.paroisse-aucamville-st-loup-cammas.fr\/site\/wp-json\/wp\/v2\/posts\/13336\/revisions"}],"predecessor-version":[{"id":13340,"href":"https:\/\/www.paroisse-aucamville-st-loup-cammas.fr\/site\/wp-json\/wp\/v2\/posts\/13336\/revisions\/13340"}],"wp:featuredmedia":[{"embeddable":true,"href":"https:\/\/www.paroisse-aucamville-st-loup-cammas.fr\/site\/wp-json\/wp\/v2\/media\/13320"}],"wp:attachment":[{"href":"https:\/\/www.paroisse-aucamville-st-loup-cammas.fr\/site\/wp-json\/wp\/v2\/media?parent=13336"}],"wp:term":[{"taxonomy":"category","embeddable":true,"href":"https:\/\/www.paroisse-aucamville-st-loup-cammas.fr\/site\/wp-json\/wp\/v2\/categories?post=13336"},{"taxonomy":"post_tag","embeddable":true,"href":"https:\/\/www.paroisse-aucamville-st-loup-cammas.fr\/site\/wp-json\/wp\/v2\/tags?post=13336"}],"curies":[{"name":"wp","href":"https:\/\/api.w.org\/{rel}","templated":true}]}}