{"id":13341,"date":"2016-12-15T17:43:10","date_gmt":"2016-12-15T16:43:10","guid":{"rendered":"http:\/\/www.paroisse-aucamville-st-loup-cammas.fr\/site\/?p=13341"},"modified":"2017-01-07T16:25:31","modified_gmt":"2017-01-07T15:25:31","slug":"saint-alban-venez-visiter-la-creche-des-enfants","status":"publish","type":"post","link":"https:\/\/www.paroisse-aucamville-st-loup-cammas.fr\/site\/saint-alban-venez-visiter-la-creche-des-enfants\/","title":{"rendered":"Saint-Alban : venez visiter la cr\u00e8che \u201cdes enfants\u201d !"},"content":{"rendered":"<p style=\"text-align: justify;\">Ce mercredi 14 d\u00e9cembre, le groupe de cat\u00e9chisme de CE2 de Saint-Alban a investi l&rsquo;\u00e9glise pour installer la cr\u00e8che. Il s\u2019agit d\u2019une premi\u00e8re pour la paroisse de Saint Alban\u2026 o\u00f9 cela ne s\u2019\u00e9tait jamais fait. Les enfants y ont mis beaucoup de coeur et d&rsquo;entrain. Une occasion pour les cat\u00e9chistes et Marie-Lou Raisson de faire une cat\u00e9ch\u00e8se sur les diff\u00e9rentes figures de la Cr\u00e8che que nous contemplons pendant le temps de l\u2019Avent et de No\u00ebl. C&rsquo;est non sans fiert\u00e9 qu&rsquo;ils esp\u00e8rent maintenant que nombre de paroissiens viendront admirer leur travail !<\/p>\n<p>&nbsp;<\/p>\n<p>&nbsp;<\/p>\n<p>&nbsp;<\/p>\n<p>&nbsp;<\/p>\n<p>&nbsp;<\/p>\n<p>&nbsp;<\/p>\n<p>&nbsp;<\/p>\n","protected":false},"excerpt":{"rendered":"<p>Ce mercredi 14 d\u00e9cembre, le groupe de cat\u00e9chisme de CE2 [&hellip;]<\/p>\n","protected":false},"author":1,"featured_media":13319,"comment_status":"closed","ping_status":"closed","sticky":false,"template":"","format":"standard","meta":[],"categories":[77],"tags":[],"jetpack_featured_media_url":"https:\/\/www.paroisse-aucamville-st-loup-cammas.fr\/site\/wp-content\/uploads\/CRECHE_SAINT_ALBAN.jpg","_links":{"self":[{"href":"https:\/\/www.paroisse-aucamville-st-loup-cammas.fr\/site\/wp-json\/wp\/v2\/posts\/13341"}],"collection":[{"href":"https:\/\/www.paroisse-aucamville-st-loup-cammas.fr\/site\/wp-json\/wp\/v2\/posts"}],"about":[{"href":"https:\/\/www.paroisse-aucamville-st-loup-cammas.fr\/site\/wp-json\/wp\/v2\/types\/post"}],"author":[{"embeddable":true,"href":"https:\/\/www.paroisse-aucamville-st-loup-cammas.fr\/site\/wp-json\/wp\/v2\/users\/1"}],"replies":[{"embeddable":true,"href":"https:\/\/www.paroisse-aucamville-st-loup-cammas.fr\/site\/wp-json\/wp\/v2\/comments?post=13341"}],"version-history":[{"count":2,"href":"https:\/\/www.paroisse-aucamville-st-loup-cammas.fr\/site\/wp-json\/wp\/v2\/posts\/13341\/revisions"}],"predecessor-version":[{"id":13343,"href":"https:\/\/www.paroisse-aucamville-st-loup-cammas.fr\/site\/wp-json\/wp\/v2\/posts\/13341\/revisions\/13343"}],"wp:featuredmedia":[{"embeddable":true,"href":"https:\/\/www.paroisse-aucamville-st-loup-cammas.fr\/site\/wp-json\/wp\/v2\/media\/13319"}],"wp:attachment":[{"href":"https:\/\/www.paroisse-aucamville-st-loup-cammas.fr\/site\/wp-json\/wp\/v2\/media?parent=13341"}],"wp:term":[{"taxonomy":"category","embeddable":true,"href":"https:\/\/www.paroisse-aucamville-st-loup-cammas.fr\/site\/wp-json\/wp\/v2\/categories?post=13341"},{"taxonomy":"post_tag","embeddable":true,"href":"https:\/\/www.paroisse-aucamville-st-loup-cammas.fr\/site\/wp-json\/wp\/v2\/tags?post=13341"}],"curies":[{"name":"wp","href":"https:\/\/api.w.org\/{rel}","templated":true}]}}