{"id":13610,"date":"2017-03-21T21:02:45","date_gmt":"2017-03-21T20:02:45","guid":{"rendered":"http:\/\/www.paroisse-aucamville-st-loup-cammas.fr\/site\/?p=13610"},"modified":"2017-03-21T21:09:08","modified_gmt":"2017-03-21T20:09:08","slug":"bazus-hommage-a-bernard-valena","status":"publish","type":"post","link":"https:\/\/www.paroisse-aucamville-st-loup-cammas.fr\/site\/bazus-hommage-a-bernard-valena\/","title":{"rendered":"Bazus : hommage \u00e0 Bernard Val\u00e9na"},"content":{"rendered":"<p style=\"text-align: justify;\">Bernard est d\u00e9c\u00e9d\u00e9 le 9 mars dernier. Il \u00e9tait un pilier de la Communaut\u00e9 paroissiale locale de Bazus et malgr\u00e9 la maladie qui depuis trois ans l&rsquo;avait \u00e9loign\u00e9 de nous, nous le portions dans notre pri\u00e8re, inquiets parfois de son silence, heureux quand l&rsquo;un ou l&rsquo;autre nous donnait quelques nouvelles. Heureux aussi lorsqu&rsquo;il se joignait \u00e0 nous pour l&rsquo;Eucharistie, <i>\u201cen forme,<\/i> nous disait-il, <i>puisque je suis l\u00e0 !\u201d<\/i> et ce, malgr\u00e9 les traitements m\u00e9dicaux dont les effets avaient transform\u00e9 son visage, son corps. Mais ses beaux yeux bleus qui vous regardaient avec amour restaient une lumi\u00e8re dans notre foi.<br \/>\nBernard avait re\u00e7u le don de l&rsquo;accueil, ses mots de bienvenue, simples, vrais, chaleureux, ses bras ouverts pour vous recevoir&#8230; Les mails n&rsquo;\u00e9taient pas trop son \u201ctruc\u201d : \u00a0lui, aimait arpenter le village, distribuer chaque mois \u201c<i>La Vie chez nous<\/i>\u201d dans chaque bo\u00eete aux lettres ; il y glissait aussi les comptes-rendus de r\u00e9union, les pr\u00e9parations des messes avec les d\u00e9roul\u00e9s liturgiques, les infos du Denier de l\u2019\u00c9glise\u2026 Finalement, dans notre petit village de Bazus, il avait trouv\u00e9 un mode de communication superbe qui int\u00e9grait chacun par une pr\u00e9sence discr\u00e8te, fid\u00e8le et patiente. Quand la messe avait lieu \u00e0 Bazus, c&rsquo;\u00e9tait une \u00e9vidence, nous devions y \u00eatre ! Il nous communiquait ainsi son amour pour la belle \u00e9glise \u00e0 la vo\u00fbte bleue, cet intimidant monument historique qui avait t\u00f4t fait de devenir notre nouvelle maison. Nous \u00e9tions nombreux pour ses fun\u00e9railles, tant pis si nous n&rsquo;avons pas pu tous y contenir, Bernard, lui, devait \u00eatre aux anges !<\/p>\n","protected":false},"excerpt":{"rendered":"<p>Bernard est d\u00e9c\u00e9d\u00e9 le 9 mars dernier. Il \u00e9tait un [&hellip;]<\/p>\n","protected":false},"author":1,"featured_media":13613,"comment_status":"closed","ping_status":"closed","sticky":false,"template":"","format":"standard","meta":[],"categories":[77],"tags":[],"jetpack_featured_media_url":"https:\/\/www.paroisse-aucamville-st-loup-cammas.fr\/site\/wp-content\/uploads\/BernardVal\u00e9na.jpg","_links":{"self":[{"href":"https:\/\/www.paroisse-aucamville-st-loup-cammas.fr\/site\/wp-json\/wp\/v2\/posts\/13610"}],"collection":[{"href":"https:\/\/www.paroisse-aucamville-st-loup-cammas.fr\/site\/wp-json\/wp\/v2\/posts"}],"about":[{"href":"https:\/\/www.paroisse-aucamville-st-loup-cammas.fr\/site\/wp-json\/wp\/v2\/types\/post"}],"author":[{"embeddable":true,"href":"https:\/\/www.paroisse-aucamville-st-loup-cammas.fr\/site\/wp-json\/wp\/v2\/users\/1"}],"replies":[{"embeddable":true,"href":"https:\/\/www.paroisse-aucamville-st-loup-cammas.fr\/site\/wp-json\/wp\/v2\/comments?post=13610"}],"version-history":[{"count":3,"href":"https:\/\/www.paroisse-aucamville-st-loup-cammas.fr\/site\/wp-json\/wp\/v2\/posts\/13610\/revisions"}],"predecessor-version":[{"id":13614,"href":"https:\/\/www.paroisse-aucamville-st-loup-cammas.fr\/site\/wp-json\/wp\/v2\/posts\/13610\/revisions\/13614"}],"wp:featuredmedia":[{"embeddable":true,"href":"https:\/\/www.paroisse-aucamville-st-loup-cammas.fr\/site\/wp-json\/wp\/v2\/media\/13613"}],"wp:attachment":[{"href":"https:\/\/www.paroisse-aucamville-st-loup-cammas.fr\/site\/wp-json\/wp\/v2\/media?parent=13610"}],"wp:term":[{"taxonomy":"category","embeddable":true,"href":"https:\/\/www.paroisse-aucamville-st-loup-cammas.fr\/site\/wp-json\/wp\/v2\/categories?post=13610"},{"taxonomy":"post_tag","embeddable":true,"href":"https:\/\/www.paroisse-aucamville-st-loup-cammas.fr\/site\/wp-json\/wp\/v2\/tags?post=13610"}],"curies":[{"name":"wp","href":"https:\/\/api.w.org\/{rel}","templated":true}]}}