{"id":13656,"date":"2017-03-28T14:29:34","date_gmt":"2017-03-28T13:29:34","guid":{"rendered":"http:\/\/www.paroisse-aucamville-st-loup-cammas.fr\/site\/?p=13656"},"modified":"2018-01-28T20:19:36","modified_gmt":"2018-01-28T19:19:36","slug":"les-enfants-recoivent-la-parole-de-dieu","status":"publish","type":"post","link":"https:\/\/www.paroisse-aucamville-st-loup-cammas.fr\/site\/les-enfants-recoivent-la-parole-de-dieu\/","title":{"rendered":"Les enfants re\u00e7oivent la Parole de Dieu"},"content":{"rendered":"<p style=\"text-align: justify;\">Au cours de la messe des familles du 26 mars, \u00e0 Villari\u00e8s, 12 enfants et jeunes ont v\u00e9cu une \u00e9tape vers leur bapt\u00eame en recevant la Parole de Dieu.<\/p>\n<p style=\"text-align: justify;\">Les livres, choisis par leurs accompagnatrices, les conduiront jusqu\u2019\u00e0 leur bapt\u00eame et au-del\u00e0, dans leur vie de baptis\u00e9s. Ils pourront ainsi \u00e0 tout moment retrouver un texte qui les a marqu\u00e9s, une image qui leur pla\u00eet beaucoup et prier le Seigneur de tout leur nouveau c\u0153ur d\u2019enfant de Dieu.<\/p>\n<p style=\"text-align: justify;\">La veille, leurs parents avaient une pr\u00e9paration pour le bapt\u00eame de leurs enfants \u00e0 l\u2019\u00e9glise de Castelginest par le P\u00e8re Jean. Pourquoi baptiser nos enfants, le r\u00f4le des parrains et marraines ont \u00e9t\u00e9, entre autres, les th\u00e8mes de cet enseignement.<\/p>\n<p style=\"text-align: justify;\">Tout le monde est pr\u00eat, en route pour la grande aventure de la rencontre \u00a0et de la vie avec l\u2019amour de Dieu, dans le Christ J\u00e9sus!<\/p>\n","protected":false},"excerpt":{"rendered":"<p>Au cours de la messe des familles du 26 mars, [&hellip;]<\/p>\n","protected":false},"author":1,"featured_media":13646,"comment_status":"closed","ping_status":"closed","sticky":false,"template":"","format":"standard","meta":[],"categories":[83],"tags":[],"jetpack_featured_media_url":"https:\/\/www.paroisse-aucamville-st-loup-cammas.fr\/site\/wp-content\/uploads\/KT2_\u00e9tape-bapt.jpg","_links":{"self":[{"href":"https:\/\/www.paroisse-aucamville-st-loup-cammas.fr\/site\/wp-json\/wp\/v2\/posts\/13656"}],"collection":[{"href":"https:\/\/www.paroisse-aucamville-st-loup-cammas.fr\/site\/wp-json\/wp\/v2\/posts"}],"about":[{"href":"https:\/\/www.paroisse-aucamville-st-loup-cammas.fr\/site\/wp-json\/wp\/v2\/types\/post"}],"author":[{"embeddable":true,"href":"https:\/\/www.paroisse-aucamville-st-loup-cammas.fr\/site\/wp-json\/wp\/v2\/users\/1"}],"replies":[{"embeddable":true,"href":"https:\/\/www.paroisse-aucamville-st-loup-cammas.fr\/site\/wp-json\/wp\/v2\/comments?post=13656"}],"version-history":[{"count":3,"href":"https:\/\/www.paroisse-aucamville-st-loup-cammas.fr\/site\/wp-json\/wp\/v2\/posts\/13656\/revisions"}],"predecessor-version":[{"id":13661,"href":"https:\/\/www.paroisse-aucamville-st-loup-cammas.fr\/site\/wp-json\/wp\/v2\/posts\/13656\/revisions\/13661"}],"wp:featuredmedia":[{"embeddable":true,"href":"https:\/\/www.paroisse-aucamville-st-loup-cammas.fr\/site\/wp-json\/wp\/v2\/media\/13646"}],"wp:attachment":[{"href":"https:\/\/www.paroisse-aucamville-st-loup-cammas.fr\/site\/wp-json\/wp\/v2\/media?parent=13656"}],"wp:term":[{"taxonomy":"category","embeddable":true,"href":"https:\/\/www.paroisse-aucamville-st-loup-cammas.fr\/site\/wp-json\/wp\/v2\/categories?post=13656"},{"taxonomy":"post_tag","embeddable":true,"href":"https:\/\/www.paroisse-aucamville-st-loup-cammas.fr\/site\/wp-json\/wp\/v2\/tags?post=13656"}],"curies":[{"name":"wp","href":"https:\/\/api.w.org\/{rel}","templated":true}]}}