{"id":13696,"date":"2017-04-10T10:57:26","date_gmt":"2017-04-10T09:57:26","guid":{"rendered":"http:\/\/www.paroisse-aucamville-st-loup-cammas.fr\/site\/?p=13696"},"modified":"2018-01-28T20:19:35","modified_gmt":"2018-01-28T19:19:35","slug":"la-communaute-paroissiale-locale-cpl-de-fonbeauzard-diversite-et-richesse-dune-equipe-au-service-des-fideles-du-village","status":"publish","type":"post","link":"https:\/\/www.paroisse-aucamville-st-loup-cammas.fr\/site\/la-communaute-paroissiale-locale-cpl-de-fonbeauzard-diversite-et-richesse-dune-equipe-au-service-des-fideles-du-village\/","title":{"rendered":"La CPL de Fonbeauzard : diversit\u00e9 et richesse d&rsquo;une \u00e9quipe au service des fid\u00e8les du village"},"content":{"rendered":"<p style=\"text-align: justify;\">La Communaut\u00e9 paroissiale locale de Fonbeauzard s&rsquo;est retrouv\u00e9e le 21 mars dernier. Une vingtaine de personnes \u00e9taient pr\u00e9sentes. Apr\u00e8s un temps de pri\u00e8re, chacun s\u2019est pr\u00e9sent\u00e9 : des parcours humains et spirituels tr\u00e8s diff\u00e9rents, des personnes \u00e2g\u00e9es mais tr\u00e8s engag\u00e9es, au cat\u00e9chum\u00e8nes et fianc\u00e9s venus pour la premi\u00e8re fois au sein de la CPL. Tous ont soulign\u00e9 l\u2019importance de l\u2019accueil dans une communaut\u00e9 paroissiale. Tous ont t\u00e9moign\u00e9 de leur engagement \u00a0dans l\u2019Eglise et dans le monde.<\/p>\n<p style=\"text-align: justify;\">La CPL a donc organis\u00e9 ensuite sur le village la distribution dans chaque bo\u00eete aux lettres des enveloppes et du d\u00e9pliant expliquant comment et pourquoi faire un don \u00e0 l&rsquo;Eglise dioc\u00e9saine. C\u2019est la Campagne du Denier de l\u2019Eglise\u2026 La CPL a ensuite \u00e9voqu\u00e9 et partag\u00e9 le programme des <b>\u00ab 24 Heures pour le Seigneur<\/b> \u00bb, \u00e9v\u00e9nement initi\u00e9 par le pape Fran\u00e7ois et repris sur notre ensemble paroissial pour inviter les fid\u00e8les \u00e0 prier en communion avec le monde durant 24 heures continues. Enfin, le groupe s&rsquo;est partag\u00e9 les lectures pour la messe des Rameaux du samedi 8 avril \u00e0 Lalande.<\/p>\n<p>Prochaine rencontre le mardi 23 mai \u00e0 19h30<\/p>\n<p>&nbsp;<\/p>\n<p><b>Pour tout renseignement ; contact, Christine Gaussens 06 51 12 88 02<\/b><\/p>\n","protected":false},"excerpt":{"rendered":"<p>La Communaut\u00e9 paroissiale locale de Fonbeauzard s&rsquo;est retrouv\u00e9e le 21 [&hellip;]<\/p>\n","protected":false},"author":1,"featured_media":13631,"comment_status":"closed","ping_status":"closed","sticky":false,"template":"","format":"standard","meta":[],"categories":[77,69],"tags":[],"jetpack_featured_media_url":"https:\/\/www.paroisse-aucamville-st-loup-cammas.fr\/site\/wp-content\/uploads\/24-h-pour-le-seigneur-recadr\u00e9.jpg","_links":{"self":[{"href":"https:\/\/www.paroisse-aucamville-st-loup-cammas.fr\/site\/wp-json\/wp\/v2\/posts\/13696"}],"collection":[{"href":"https:\/\/www.paroisse-aucamville-st-loup-cammas.fr\/site\/wp-json\/wp\/v2\/posts"}],"about":[{"href":"https:\/\/www.paroisse-aucamville-st-loup-cammas.fr\/site\/wp-json\/wp\/v2\/types\/post"}],"author":[{"embeddable":true,"href":"https:\/\/www.paroisse-aucamville-st-loup-cammas.fr\/site\/wp-json\/wp\/v2\/users\/1"}],"replies":[{"embeddable":true,"href":"https:\/\/www.paroisse-aucamville-st-loup-cammas.fr\/site\/wp-json\/wp\/v2\/comments?post=13696"}],"version-history":[{"count":4,"href":"https:\/\/www.paroisse-aucamville-st-loup-cammas.fr\/site\/wp-json\/wp\/v2\/posts\/13696\/revisions"}],"predecessor-version":[{"id":13701,"href":"https:\/\/www.paroisse-aucamville-st-loup-cammas.fr\/site\/wp-json\/wp\/v2\/posts\/13696\/revisions\/13701"}],"wp:featuredmedia":[{"embeddable":true,"href":"https:\/\/www.paroisse-aucamville-st-loup-cammas.fr\/site\/wp-json\/wp\/v2\/media\/13631"}],"wp:attachment":[{"href":"https:\/\/www.paroisse-aucamville-st-loup-cammas.fr\/site\/wp-json\/wp\/v2\/media?parent=13696"}],"wp:term":[{"taxonomy":"category","embeddable":true,"href":"https:\/\/www.paroisse-aucamville-st-loup-cammas.fr\/site\/wp-json\/wp\/v2\/categories?post=13696"},{"taxonomy":"post_tag","embeddable":true,"href":"https:\/\/www.paroisse-aucamville-st-loup-cammas.fr\/site\/wp-json\/wp\/v2\/tags?post=13696"}],"curies":[{"name":"wp","href":"https:\/\/api.w.org\/{rel}","templated":true}]}}