{"id":13785,"date":"2017-04-21T13:31:48","date_gmt":"2017-04-21T12:31:48","guid":{"rendered":"http:\/\/www.paroisse-aucamville-st-loup-cammas.fr\/site\/?p=13785"},"modified":"2017-04-21T13:32:23","modified_gmt":"2017-04-21T12:32:23","slug":"labastide-saint-sernin-rendez-vous-avec-lhistoire-mais-quelle-histoire","status":"publish","type":"post","link":"https:\/\/www.paroisse-aucamville-st-loup-cammas.fr\/site\/labastide-saint-sernin-rendez-vous-avec-lhistoire-mais-quelle-histoire\/","title":{"rendered":"Labastide Saint-Sernin : Rendez-vous avec l&rsquo;Histoire\u2026 mais quelle Histoire ?"},"content":{"rendered":"<p>La prochaine conf\u00e9rence aura lieu <b>jeudi 27 avril \u00e0 20h30 au Centre pastoral de Labastide Saint-Sernin. \u00a0<\/b><\/p>\n<p style=\"text-align: justify;\">Elle est propos\u00e9e par la Communaut\u00e9 paroissiale locale de Labastide Saint-Sernin \u00e0 partir de l\u2019enregistrement vid\u00e9o de la conf\u00e9rence du Centre S\u00e8vres \u00e0 Paris. La conf\u00e9rence portera sur le th\u00e8me de l&rsquo;Histoire : Quelle Histoire de France enseigner ? Y a-t-il un r\u00e9cit national ? Une r\u00e9union d&rsquo;information, de formation, d&rsquo;\u00e9changes\u2026 pour discerner dans l\u2019actualit\u00e9 l\u2019essentiel qui parle \u00e0 notre foi. \u00a0Cette conf\u00e9rence est ouverte \u00e0 tout l\u2019ensemble paroissial, voire m\u00eame au del\u00e0! \u00a0Venez nombreux!<\/p>\n<p>&nbsp;<\/p>\n","protected":false},"excerpt":{"rendered":"<p>La prochaine conf\u00e9rence aura lieu jeudi 27 avril \u00e0 20h30 [&hellip;]<\/p>\n","protected":false},"author":1,"featured_media":13786,"comment_status":"closed","ping_status":"closed","sticky":false,"template":"","format":"standard","meta":[],"categories":[77],"tags":[],"jetpack_featured_media_url":"https:\/\/www.paroisse-aucamville-st-loup-cammas.fr\/site\/wp-content\/uploads\/AfficheCPL-Labatide.jpg","_links":{"self":[{"href":"https:\/\/www.paroisse-aucamville-st-loup-cammas.fr\/site\/wp-json\/wp\/v2\/posts\/13785"}],"collection":[{"href":"https:\/\/www.paroisse-aucamville-st-loup-cammas.fr\/site\/wp-json\/wp\/v2\/posts"}],"about":[{"href":"https:\/\/www.paroisse-aucamville-st-loup-cammas.fr\/site\/wp-json\/wp\/v2\/types\/post"}],"author":[{"embeddable":true,"href":"https:\/\/www.paroisse-aucamville-st-loup-cammas.fr\/site\/wp-json\/wp\/v2\/users\/1"}],"replies":[{"embeddable":true,"href":"https:\/\/www.paroisse-aucamville-st-loup-cammas.fr\/site\/wp-json\/wp\/v2\/comments?post=13785"}],"version-history":[{"count":1,"href":"https:\/\/www.paroisse-aucamville-st-loup-cammas.fr\/site\/wp-json\/wp\/v2\/posts\/13785\/revisions"}],"predecessor-version":[{"id":13787,"href":"https:\/\/www.paroisse-aucamville-st-loup-cammas.fr\/site\/wp-json\/wp\/v2\/posts\/13785\/revisions\/13787"}],"wp:featuredmedia":[{"embeddable":true,"href":"https:\/\/www.paroisse-aucamville-st-loup-cammas.fr\/site\/wp-json\/wp\/v2\/media\/13786"}],"wp:attachment":[{"href":"https:\/\/www.paroisse-aucamville-st-loup-cammas.fr\/site\/wp-json\/wp\/v2\/media?parent=13785"}],"wp:term":[{"taxonomy":"category","embeddable":true,"href":"https:\/\/www.paroisse-aucamville-st-loup-cammas.fr\/site\/wp-json\/wp\/v2\/categories?post=13785"},{"taxonomy":"post_tag","embeddable":true,"href":"https:\/\/www.paroisse-aucamville-st-loup-cammas.fr\/site\/wp-json\/wp\/v2\/tags?post=13785"}],"curies":[{"name":"wp","href":"https:\/\/api.w.org\/{rel}","templated":true}]}}