{"id":13792,"date":"2017-04-20T13:37:02","date_gmt":"2017-04-20T12:37:02","guid":{"rendered":"http:\/\/www.paroisse-aucamville-st-loup-cammas.fr\/site\/?p=13792"},"modified":"2017-05-02T15:34:04","modified_gmt":"2017-05-02T14:34:04","slug":"le-fleurissement-du-cierge-pascal-de-chacune-de-nos-eglises-ou-la-douce-presence-de-christ","status":"publish","type":"post","link":"https:\/\/www.paroisse-aucamville-st-loup-cammas.fr\/site\/le-fleurissement-du-cierge-pascal-de-chacune-de-nos-eglises-ou-la-douce-presence-de-christ\/","title":{"rendered":"Le fleurissement du cierge pascal de chacune de nos \u00e9glises ou la douce pr\u00e9sence de Christ"},"content":{"rendered":"<blockquote><p><i>\u00ab Comme les pharisiens demandaient \u00e0 J\u00e9sus quand viendrait le r\u00e8gne de Dieu, il prit la parole et dit : La venue du r\u00e8gne de Dieu n\u2019est pas observable. On ne dira pas : \u201cVoil\u00e0, il est ici !\u201d ou bien : \u201cIl est l\u00e0 !\u201d En effet, voici que le r\u00e8gne de Dieu est au milieu de vous.<\/i> \u00bb \u2018Luc 17, 20-21)<\/p><\/blockquote>\n<p>Samedi matin \u00e0 10 heures, rendez-vous avait \u00e9t\u00e9 donn\u00e9 \u00e0 l\u2019\u00e9glise de Castelginest pour fleurir les cierges pascals de notre ensemble paroissial. La veille, Marie-Th\u00e9r\u00e8se d\u2019Aucamville avait convi\u00e9 Fonbeauzard \u00e0 venir fleurir leur cierge commun. Une premi\u00e8re ! Dieu invisible et si pr\u00e9sent. Chaque communaut\u00e9 paroissiale locale est venue avec le cierge command\u00e9, le support. Beaucoup ont amen\u00e9 des fleurs, du mat\u00e9riel, certains leur savoir-faire et tous leur bonne volont\u00e9. Christiane avait pr\u00e9par\u00e9 la salle. Chacun a fait connaissance. Emmanuelle nouvelle dans ce type de rencontre, venue pour la communaut\u00e9 de Saint-Alban, avec son fils qui est au cat\u00e9chisme. Elle a \u00e9t\u00e9 accueillie avec bienveillance et rassur\u00e9e ; c&rsquo;\u00e9tait la premi\u00e8re fois qu&rsquo;elle participait au fleurissement d&rsquo;une \u00e9glise. Les plus anciennes l&rsquo;ont rassur\u00e9e : \u00ab fais confiance au Seigneur \u00bb, lui a dit Chantal.<\/p>\n<p><b>Des compositions lumineuses<\/b><\/p>\n<p>Le fleurissement a commenc\u00e9 avec une seule id\u00e9e : le d\u00e9sir de r\u00e9aliser des compositions lumineuses \u00e0 la gloire de Dieu. Le mat\u00e9riel a circul\u00e9 de main en main, des fleurs, de la verdure ont \u00e9t\u00e9 mis \u00e0 disposition par ceux qui en avaient en trop. Tout le monde s\u2019est aid\u00e9, un moment de partage, d\u2019\u00e9coute et de respect. Au fur et \u00e0 mesure que les cierges ont \u00e9t\u00e9 fleuris, ils ont \u00e9t\u00e9 amen\u00e9s dans le ch\u0153ur par Jean-Louis et Ruben et dispos\u00e9s, sous le regard et les consignes de P\u00e8re Joseph, de fa\u00e7on \u00e0 illuminer l\u2019\u00e9glise. Lumi\u00e8re, beaut\u00e9, pour dire notre joie au Christ ressuscit\u00e9, pour la faire partager \u00e0 toute l\u2019assembl\u00e9e. Quelle magnifique mont\u00e9e vers P\u00e2ques ! Toute une communaut\u00e9 paroissiale r\u00e9unie dans l\u2019entraide, la joie et la bonne humeur.<\/p>\n<p>&nbsp;<\/p>\n<p>&nbsp;<\/p>\n","protected":false},"excerpt":{"rendered":"<p>\u00ab Comme les pharisiens demandaient \u00e0 J\u00e9sus quand viendrait le [&hellip;]<\/p>\n","protected":false},"author":1,"featured_media":13795,"comment_status":"closed","ping_status":"closed","sticky":false,"template":"","format":"standard","meta":[],"categories":[77,69],"tags":[],"jetpack_featured_media_url":"https:\/\/www.paroisse-aucamville-st-loup-cammas.fr\/site\/wp-content\/uploads\/CPL-Fleurissemnt-ciergepascal.jpg","_links":{"self":[{"href":"https:\/\/www.paroisse-aucamville-st-loup-cammas.fr\/site\/wp-json\/wp\/v2\/posts\/13792"}],"collection":[{"href":"https:\/\/www.paroisse-aucamville-st-loup-cammas.fr\/site\/wp-json\/wp\/v2\/posts"}],"about":[{"href":"https:\/\/www.paroisse-aucamville-st-loup-cammas.fr\/site\/wp-json\/wp\/v2\/types\/post"}],"author":[{"embeddable":true,"href":"https:\/\/www.paroisse-aucamville-st-loup-cammas.fr\/site\/wp-json\/wp\/v2\/users\/1"}],"replies":[{"embeddable":true,"href":"https:\/\/www.paroisse-aucamville-st-loup-cammas.fr\/site\/wp-json\/wp\/v2\/comments?post=13792"}],"version-history":[{"count":4,"href":"https:\/\/www.paroisse-aucamville-st-loup-cammas.fr\/site\/wp-json\/wp\/v2\/posts\/13792\/revisions"}],"predecessor-version":[{"id":13822,"href":"https:\/\/www.paroisse-aucamville-st-loup-cammas.fr\/site\/wp-json\/wp\/v2\/posts\/13792\/revisions\/13822"}],"wp:featuredmedia":[{"embeddable":true,"href":"https:\/\/www.paroisse-aucamville-st-loup-cammas.fr\/site\/wp-json\/wp\/v2\/media\/13795"}],"wp:attachment":[{"href":"https:\/\/www.paroisse-aucamville-st-loup-cammas.fr\/site\/wp-json\/wp\/v2\/media?parent=13792"}],"wp:term":[{"taxonomy":"category","embeddable":true,"href":"https:\/\/www.paroisse-aucamville-st-loup-cammas.fr\/site\/wp-json\/wp\/v2\/categories?post=13792"},{"taxonomy":"post_tag","embeddable":true,"href":"https:\/\/www.paroisse-aucamville-st-loup-cammas.fr\/site\/wp-json\/wp\/v2\/tags?post=13792"}],"curies":[{"name":"wp","href":"https:\/\/api.w.org\/{rel}","templated":true}]}}