{"id":13858,"date":"2017-05-10T20:20:16","date_gmt":"2017-05-10T19:20:16","guid":{"rendered":"http:\/\/www.paroisse-aucamville-st-loup-cammas.fr\/site\/?p=13858"},"modified":"2017-05-20T10:14:06","modified_gmt":"2017-05-20T09:14:06","slug":"labastide-saint-sernin-reprendre-le-debat-politique-pour-construire-ensemble","status":"publish","type":"post","link":"https:\/\/www.paroisse-aucamville-st-loup-cammas.fr\/site\/labastide-saint-sernin-reprendre-le-debat-politique-pour-construire-ensemble\/","title":{"rendered":"Labastide Saint-Sernin : Reprendre le d\u00e9bat politique pour construire ensemble"},"content":{"rendered":"<p style=\"text-align: justify;\"><i>\u00ab Contre une pens\u00e9e unique et impos\u00e9e, nous devons lutter par une r\u00e9sistance intellectuelle et spirituelle (lire, se renseigner, r\u00e9fl\u00e9chir, prier\u2026), pour formuler des propositions positives \u00bb,<\/i> \u00e9crivait r\u00e9cemment Monseigneur Le Gall, dans un \u00ab Appel \u00e0 l&rsquo;engagement chr\u00e9tien \u00bb. C&rsquo;est ce que propose la Communaut\u00e9 paroissiale locale de Labastide Saint-Sernin, <b>ce jeudi 11 mai, au centre pastoral, \u00e0 20h30. <\/b>Cette rencontre arrive \u00e0 point nomm\u00e9 apr\u00e8s le maelstrom cr\u00e9\u00e9 par l&rsquo;\u00e9lection pr\u00e9sidentielle. Comment, en effet, s&rsquo;y retrouver apr\u00e8s une campagne \u00e9lectorale violente et d\u00e9routante ; apr\u00e8s la victoire d&rsquo;Emmanuel Macron, \u00e9lu pr\u00e9sident de la R\u00e9publique fran\u00e7aise le 7 mai dernier, victoire inenvisageable il y a \u00e0 peine quelques mois et qui fait voler en \u00e9clat tout le syst\u00e8me politique fran\u00e7ais construit au cours du XX \u00e8me si\u00e8cle ? En s&rsquo;appuyant sur la retransmission du d\u00e9bat organis\u00e9 par le Centre j\u00e9suite de S\u00e8vres, l&rsquo;occasion sera donn\u00e9e \u00e0 chacun de partager ses propres convictions, espoirs et inqui\u00e9tudes. Loin des invectives et des ragots de toutes sortes, du para\u00eetre et des \u00e9gos, de l&rsquo;individualisme et des \u00e9go\u00efsmes, cette soir\u00e9e propose une information de qualit\u00e9 et une \u00e9coute bienveillante de tous les points de vue. <i>\u00ab L\u2019\u00c9glise ne peut s&rsquo;identifier \u00e0 aucun parti, mais elle a toujours des questionnements \u00e0 leur \u00e9gard, inspir\u00e9s par l\u2019\u00c9vangile et ses exigences, <\/i>a \u00e9crit Mgr Le Gall. <i>Parce que Dieu s&rsquo;est incarn\u00e9, le monde dans lequel nous vivons nous est confi\u00e9. De nouvelles formes d&rsquo;engagement politique sont \u00e0 trouver. Il est de notre devoir de contribuer \u00e0 rendre ce monde plus humain, en lui proposant, en mati\u00e8re de vision et d&rsquo;action, le meilleur de ce que nous apporte la foi chr\u00e9tienne \u00bb<\/i>.<\/p>\n<p><a href=\"http:\/\/www.centresevres.com\/conference-ecoute\/a-ecouter-politique-lecons-dune-election-enjeux-pour-les-chretiens\/\" target=\"_blank\" rel=\"noopener noreferrer\">Retrouvez ici la conf\u00e9rence du centre j\u00e9suite<\/a><\/p>\n<p><a href=\"http:\/\/www.paroisse-aucamville-st-loup-cammas.fr\/site\/wp-content\/uploads\/Appel_engagement_chr\u00e9tien_en_politique_Mgr_LeGall.pdf\" target=\"_blank\" rel=\"noopener noreferrer\">Retrouvez ici l&rsquo;appel de Monseigneur Le Gall<\/a><\/p>\n","protected":false},"excerpt":{"rendered":"<p>\u00ab Contre une pens\u00e9e unique et impos\u00e9e, nous devons lutter [&hellip;]<\/p>\n","protected":false},"author":1,"featured_media":13861,"comment_status":"closed","ping_status":"closed","sticky":false,"template":"","format":"standard","meta":[],"categories":[77],"tags":[],"jetpack_featured_media_url":"https:\/\/www.paroisse-aucamville-st-loup-cammas.fr\/site\/wp-content\/uploads\/affichedejean.jpg","_links":{"self":[{"href":"https:\/\/www.paroisse-aucamville-st-loup-cammas.fr\/site\/wp-json\/wp\/v2\/posts\/13858"}],"collection":[{"href":"https:\/\/www.paroisse-aucamville-st-loup-cammas.fr\/site\/wp-json\/wp\/v2\/posts"}],"about":[{"href":"https:\/\/www.paroisse-aucamville-st-loup-cammas.fr\/site\/wp-json\/wp\/v2\/types\/post"}],"author":[{"embeddable":true,"href":"https:\/\/www.paroisse-aucamville-st-loup-cammas.fr\/site\/wp-json\/wp\/v2\/users\/1"}],"replies":[{"embeddable":true,"href":"https:\/\/www.paroisse-aucamville-st-loup-cammas.fr\/site\/wp-json\/wp\/v2\/comments?post=13858"}],"version-history":[{"count":7,"href":"https:\/\/www.paroisse-aucamville-st-loup-cammas.fr\/site\/wp-json\/wp\/v2\/posts\/13858\/revisions"}],"predecessor-version":[{"id":13895,"href":"https:\/\/www.paroisse-aucamville-st-loup-cammas.fr\/site\/wp-json\/wp\/v2\/posts\/13858\/revisions\/13895"}],"wp:featuredmedia":[{"embeddable":true,"href":"https:\/\/www.paroisse-aucamville-st-loup-cammas.fr\/site\/wp-json\/wp\/v2\/media\/13861"}],"wp:attachment":[{"href":"https:\/\/www.paroisse-aucamville-st-loup-cammas.fr\/site\/wp-json\/wp\/v2\/media?parent=13858"}],"wp:term":[{"taxonomy":"category","embeddable":true,"href":"https:\/\/www.paroisse-aucamville-st-loup-cammas.fr\/site\/wp-json\/wp\/v2\/categories?post=13858"},{"taxonomy":"post_tag","embeddable":true,"href":"https:\/\/www.paroisse-aucamville-st-loup-cammas.fr\/site\/wp-json\/wp\/v2\/tags?post=13858"}],"curies":[{"name":"wp","href":"https:\/\/api.w.org\/{rel}","templated":true}]}}