{"id":13941,"date":"2017-06-02T14:01:23","date_gmt":"2017-06-02T13:01:23","guid":{"rendered":"http:\/\/www.paroisse-aucamville-st-loup-cammas.fr\/site\/?p=13941"},"modified":"2017-06-05T19:14:24","modified_gmt":"2017-06-05T18:14:24","slug":"les-conferences-de-labastide-saint-sernin-parler-europe","status":"publish","type":"post","link":"https:\/\/www.paroisse-aucamville-st-loup-cammas.fr\/site\/les-conferences-de-labastide-saint-sernin-parler-europe\/","title":{"rendered":"Les conf\u00e9rences de Labastide Saint-Sernin :  parler Europe"},"content":{"rendered":"<p>La prochaine rencontre organis\u00e9e par la communaut\u00e9 locale paroissiale de Labastide Saint-Sernin aura lieu jeudi 22 juin au Centre pastoral, \u00e0 20h30 sur le th\u00e8me de l\u2019Europe. \u00a0Souvent critiqu\u00e9e, m\u00eame pour sa force d\u2019attraction\u2026 mais qu\u2019en attendons nous ? Cette rencontre viendra cl\u00f4turer le cycle de cette ann\u00e9e qui fut instructif et passionnant \u00e0 bien des \u00e9gards. Merci pour les participations toujours tr\u00e8s riches et anim\u00e9es.<br \/>\nOn notera que la conf\u00e9rence sera \u00e9galement retransmise \u00e0 Toulouse, au lyc\u00e9e le Caousou, le mardi 13 juin \u00e0 19h30 (pr\u00e9-inscription n\u00e9cessaire aupr\u00e8s de Daniel D\u00e9jean, mail : <a href=\"mailto:ddejean1@gmail.com\">ddejean@gmail.com<\/a> )<\/p>\n","protected":false},"excerpt":{"rendered":"<p>La prochaine rencontre organis\u00e9e par la communaut\u00e9 locale paroissiale de [&hellip;]<\/p>\n","protected":false},"author":1,"featured_media":13945,"comment_status":"closed","ping_status":"closed","sticky":false,"template":"","format":"standard","meta":[],"categories":[77,69],"tags":[],"jetpack_featured_media_url":"https:\/\/www.paroisse-aucamville-st-loup-cammas.fr\/site\/wp-content\/uploads\/affiche22juin.jpg","_links":{"self":[{"href":"https:\/\/www.paroisse-aucamville-st-loup-cammas.fr\/site\/wp-json\/wp\/v2\/posts\/13941"}],"collection":[{"href":"https:\/\/www.paroisse-aucamville-st-loup-cammas.fr\/site\/wp-json\/wp\/v2\/posts"}],"about":[{"href":"https:\/\/www.paroisse-aucamville-st-loup-cammas.fr\/site\/wp-json\/wp\/v2\/types\/post"}],"author":[{"embeddable":true,"href":"https:\/\/www.paroisse-aucamville-st-loup-cammas.fr\/site\/wp-json\/wp\/v2\/users\/1"}],"replies":[{"embeddable":true,"href":"https:\/\/www.paroisse-aucamville-st-loup-cammas.fr\/site\/wp-json\/wp\/v2\/comments?post=13941"}],"version-history":[{"count":4,"href":"https:\/\/www.paroisse-aucamville-st-loup-cammas.fr\/site\/wp-json\/wp\/v2\/posts\/13941\/revisions"}],"predecessor-version":[{"id":13946,"href":"https:\/\/www.paroisse-aucamville-st-loup-cammas.fr\/site\/wp-json\/wp\/v2\/posts\/13941\/revisions\/13946"}],"wp:featuredmedia":[{"embeddable":true,"href":"https:\/\/www.paroisse-aucamville-st-loup-cammas.fr\/site\/wp-json\/wp\/v2\/media\/13945"}],"wp:attachment":[{"href":"https:\/\/www.paroisse-aucamville-st-loup-cammas.fr\/site\/wp-json\/wp\/v2\/media?parent=13941"}],"wp:term":[{"taxonomy":"category","embeddable":true,"href":"https:\/\/www.paroisse-aucamville-st-loup-cammas.fr\/site\/wp-json\/wp\/v2\/categories?post=13941"},{"taxonomy":"post_tag","embeddable":true,"href":"https:\/\/www.paroisse-aucamville-st-loup-cammas.fr\/site\/wp-json\/wp\/v2\/tags?post=13941"}],"curies":[{"name":"wp","href":"https:\/\/api.w.org\/{rel}","templated":true}]}}