{"id":13979,"date":"2017-06-21T16:06:55","date_gmt":"2017-06-21T15:06:55","guid":{"rendered":"http:\/\/www.paroisse-aucamville-st-loup-cammas.fr\/site\/?p=13979"},"modified":"2018-01-28T20:13:03","modified_gmt":"2018-01-28T19:13:03","slug":"bazus-en-fete-le-jour-de-pentecote-se-souvient-de-ses-morts-pour-la-france","status":"publish","type":"post","link":"https:\/\/www.paroisse-aucamville-st-loup-cammas.fr\/site\/bazus-en-fete-le-jour-de-pentecote-se-souvient-de-ses-morts-pour-la-france\/","title":{"rendered":"Bazus, en f\u00eate le jour de Pentec\u00f4te, se souvient de ses morts pour la France"},"content":{"rendered":"<blockquote>\n<p style=\"text-align: justify;\">Traditionnellement la f\u00eate du village de Bazus a lieu pour Pentec\u00f4te ! Un jour plein de sens pour les catholiques mais aussi pour le village qui profite de cette grande f\u00eate liturgique pour comm\u00e9morer aussi l&rsquo;armistice du 8 mai 1945. Cette coutume locale fait partie du patrimoine de Bazus.<\/p>\n<\/blockquote>\n<p style=\"text-align: justify;\">Pour l&rsquo;occasion, c&rsquo;est le p\u00e8re Pierre Loze qui officiait. Dans son hom\u00e9lie, il a fait le lien entre l&rsquo;Esprit Saint de la Pentec\u00f4te et tous ces morts qui ont donn\u00e9 leur vie pour notre libert\u00e9. Le vivre ensemble, la famille, les amis ont \u00e9galement \u00e9t\u00e9 \u00e9voqu\u00e9s donnant tout son sens \u00e0 la f\u00eate locale et aux comm\u00e9morations. Malgr\u00e9 la la\u00efcit\u00e9 de notre r\u00e9publique, ce patrimoine perdure. Il faut dire que l&rsquo;\u00e9glise de Bazus, avec son retable du 11\u00e8me si\u00e8cle, invite au recueillement et \u00e0 la pri\u00e8re. Ainsi, la messe a \u00e9t\u00e9 c\u00e9l\u00e9br\u00e9e en pr\u00e9sence de 12 porte-drapeaux, de la municipalit\u00e9, des paroissiens. A l&rsquo;issue, le pr\u00eatre a b\u00e9ni la gerbe qui a \u00e9t\u00e9 port\u00e9e en procession jusqu&rsquo;au monument aux morts. L\u00e0, ont \u00e9t\u00e9 rappel\u00e9s les noms de toutes les victimes du village mortes pour la France.<\/p>\n","protected":false},"excerpt":{"rendered":"<p>Traditionnellement la f\u00eate du village de Bazus a lieu pour [&hellip;]<\/p>\n","protected":false},"author":1,"featured_media":13967,"comment_status":"closed","ping_status":"closed","sticky":false,"template":"","format":"standard","meta":[],"categories":[77,69],"tags":[],"jetpack_featured_media_url":"https:\/\/www.paroisse-aucamville-st-loup-cammas.fr\/site\/wp-content\/uploads\/F\u00eateBazus5juin.jpg","_links":{"self":[{"href":"https:\/\/www.paroisse-aucamville-st-loup-cammas.fr\/site\/wp-json\/wp\/v2\/posts\/13979"}],"collection":[{"href":"https:\/\/www.paroisse-aucamville-st-loup-cammas.fr\/site\/wp-json\/wp\/v2\/posts"}],"about":[{"href":"https:\/\/www.paroisse-aucamville-st-loup-cammas.fr\/site\/wp-json\/wp\/v2\/types\/post"}],"author":[{"embeddable":true,"href":"https:\/\/www.paroisse-aucamville-st-loup-cammas.fr\/site\/wp-json\/wp\/v2\/users\/1"}],"replies":[{"embeddable":true,"href":"https:\/\/www.paroisse-aucamville-st-loup-cammas.fr\/site\/wp-json\/wp\/v2\/comments?post=13979"}],"version-history":[{"count":2,"href":"https:\/\/www.paroisse-aucamville-st-loup-cammas.fr\/site\/wp-json\/wp\/v2\/posts\/13979\/revisions"}],"predecessor-version":[{"id":13981,"href":"https:\/\/www.paroisse-aucamville-st-loup-cammas.fr\/site\/wp-json\/wp\/v2\/posts\/13979\/revisions\/13981"}],"wp:featuredmedia":[{"embeddable":true,"href":"https:\/\/www.paroisse-aucamville-st-loup-cammas.fr\/site\/wp-json\/wp\/v2\/media\/13967"}],"wp:attachment":[{"href":"https:\/\/www.paroisse-aucamville-st-loup-cammas.fr\/site\/wp-json\/wp\/v2\/media?parent=13979"}],"wp:term":[{"taxonomy":"category","embeddable":true,"href":"https:\/\/www.paroisse-aucamville-st-loup-cammas.fr\/site\/wp-json\/wp\/v2\/categories?post=13979"},{"taxonomy":"post_tag","embeddable":true,"href":"https:\/\/www.paroisse-aucamville-st-loup-cammas.fr\/site\/wp-json\/wp\/v2\/tags?post=13979"}],"curies":[{"name":"wp","href":"https:\/\/api.w.org\/{rel}","templated":true}]}}