{"id":14063,"date":"2017-07-13T09:39:30","date_gmt":"2017-07-13T08:39:30","guid":{"rendered":"http:\/\/www.paroisse-aucamville-st-loup-cammas.fr\/site\/?p=14063"},"modified":"2018-01-28T20:13:02","modified_gmt":"2018-01-28T19:13:02","slug":"cpl-de-castelginest-les-joies-simples-dune-rencontre-presque-informelle","status":"publish","type":"post","link":"https:\/\/www.paroisse-aucamville-st-loup-cammas.fr\/site\/cpl-de-castelginest-les-joies-simples-dune-rencontre-presque-informelle\/","title":{"rendered":"CPL de Castelginest : Les joies simples d&rsquo;une rencontre\u2026 presque informelle !"},"content":{"rendered":"<p style=\"text-align: justify;\">Que de questions et d\u2019appr\u00e9hension avant cette rencontre de dimanche apr\u00e8s-midi, le 11 juin, jour d\u2019\u00e9lection \u2026 Pourtant une quarantaine de personnes ont r\u00e9pondu pr\u00e9sents \u00e0 l&rsquo;invitation de la Communaut\u00e9 locale (CPL) de Castelginest qui proposait un temps convivial autour d&rsquo;un repas partag\u00e9 apr\u00e8s la messe dominicale. Ambiance chaleureuse autour du P\u00e8re Jean. Accueil des anciens mais surtout des nouveaux paroissiens, dont quelques-uns des communes voisines. Les conversations se nouent. Dans la simplicit\u00e9 et la fraternit\u00e9. On \u00e9change sur les soucis familiaux et les gr\u00e2ces re\u00e7ues ! On songe aux mariages \u00e0 venir, on se donne les bonnes adresses pour les fleurs, la salle ou le restaurant&#8230; On parle travail ; l&rsquo;un en cherche, l&rsquo;autre lui sugg\u00e8re quelques pistes et contacts\u2026 Quelles joies simples ! Quelques photos et enfin le repas partag\u00e9. C&rsquo;est l\u2019auberge espagnole ! Le calme est revenu, apr\u00e8s le brouhaha des conversations ; maintenant les bouches sont pleines, mais chacun se renseigne sur la composition des diff\u00e9rents plats, au go\u00fbt des tous, apparemment ! Le caf\u00e9 est pr\u00eat, Marie y veille. C&rsquo;est bient\u00f4t l&rsquo;heure de se quitter. P\u00e8re Joseph a rejoint cette petite assembl\u00e9e. Certains rangent, d&rsquo;autres nettoient la salle paroissiale. Dimanche prochain, \u00e0 la messe, chacun se sentira peut-\u00eatre un moins isol\u00e9.<\/p>\n<p>&nbsp;<\/p>\n<p>&nbsp;<\/p>\n","protected":false},"excerpt":{"rendered":"<p>Que de questions et d\u2019appr\u00e9hension avant cette rencontre de dimanche [&hellip;]<\/p>\n","protected":false},"author":1,"featured_media":14068,"comment_status":"closed","ping_status":"closed","sticky":false,"template":"","format":"standard","meta":[],"categories":[77,69],"tags":[],"jetpack_featured_media_url":"https:\/\/www.paroisse-aucamville-st-loup-cammas.fr\/site\/wp-content\/uploads\/CPL_Castelg.jpg","_links":{"self":[{"href":"https:\/\/www.paroisse-aucamville-st-loup-cammas.fr\/site\/wp-json\/wp\/v2\/posts\/14063"}],"collection":[{"href":"https:\/\/www.paroisse-aucamville-st-loup-cammas.fr\/site\/wp-json\/wp\/v2\/posts"}],"about":[{"href":"https:\/\/www.paroisse-aucamville-st-loup-cammas.fr\/site\/wp-json\/wp\/v2\/types\/post"}],"author":[{"embeddable":true,"href":"https:\/\/www.paroisse-aucamville-st-loup-cammas.fr\/site\/wp-json\/wp\/v2\/users\/1"}],"replies":[{"embeddable":true,"href":"https:\/\/www.paroisse-aucamville-st-loup-cammas.fr\/site\/wp-json\/wp\/v2\/comments?post=14063"}],"version-history":[{"count":3,"href":"https:\/\/www.paroisse-aucamville-st-loup-cammas.fr\/site\/wp-json\/wp\/v2\/posts\/14063\/revisions"}],"predecessor-version":[{"id":14077,"href":"https:\/\/www.paroisse-aucamville-st-loup-cammas.fr\/site\/wp-json\/wp\/v2\/posts\/14063\/revisions\/14077"}],"wp:featuredmedia":[{"embeddable":true,"href":"https:\/\/www.paroisse-aucamville-st-loup-cammas.fr\/site\/wp-json\/wp\/v2\/media\/14068"}],"wp:attachment":[{"href":"https:\/\/www.paroisse-aucamville-st-loup-cammas.fr\/site\/wp-json\/wp\/v2\/media?parent=14063"}],"wp:term":[{"taxonomy":"category","embeddable":true,"href":"https:\/\/www.paroisse-aucamville-st-loup-cammas.fr\/site\/wp-json\/wp\/v2\/categories?post=14063"},{"taxonomy":"post_tag","embeddable":true,"href":"https:\/\/www.paroisse-aucamville-st-loup-cammas.fr\/site\/wp-json\/wp\/v2\/tags?post=14063"}],"curies":[{"name":"wp","href":"https:\/\/api.w.org\/{rel}","templated":true}]}}