{"id":14144,"date":"2017-08-30T17:10:56","date_gmt":"2017-08-30T16:10:56","guid":{"rendered":"http:\/\/www.paroisse-aucamville-st-loup-cammas.fr\/site\/?p=14144"},"modified":"2017-09-04T15:50:44","modified_gmt":"2017-09-04T14:50:44","slug":"fin-de-mission-a-leap-2","status":"publish","type":"post","link":"https:\/\/www.paroisse-aucamville-st-loup-cammas.fr\/site\/fin-de-mission-a-leap-2\/","title":{"rendered":"CPL de St-Loup-Cammas : retour sur le repas de fin d&rsquo;ann\u00e9e"},"content":{"rendered":"<blockquote><p>Le 24 juin dernier, la CPL de St-Loup-Cammas \u00e9tait r\u00e9unie pour son, d\u00e9sormais, traditionnel repas de fin d\u2019ann\u00e9e.<\/p><\/blockquote>\n<p>Cette ann\u00e9e le repas nous a r\u00e9uni chez Christiane et Michel Van de Weghe. Accompagn\u00e9s par <a href=\"http:\/\/www.paroisse-aucamville-st-loup-cammas.fr\/site\/les_pretres_et_diacre\/\">nos pr\u00eatres<\/a> et Ir\u00e9n\u00e9 notre jeune s\u00e9minariste, nous avons eu la joie d&rsquo;accueillir une nouvelle famille install\u00e9e depuis peu dans le village, Andr\u00e9 et Genevi\u00e8ve et leurs deux enfants. Apr\u00e8s avoir dit les b\u00e9n\u00e9dicit\u00e9s, nous avons d\u00e9gust\u00e9 les sp\u00e9cialit\u00e9s de chacun, d\u2019ici et d\u2019ailleurs, nous avons bavard\u00e9 jusqu&rsquo;\u00e0 la nuit\u2026<\/p>\n<p>Apr\u00e8s ce bon moment pass\u00e9 tous ensemble, rendez-vous est pris pour la rentr\u00e9e. Nous avons \u00e0 c\u0153ur d\u2019accueillir les nouveaux arrivants dans notre commune, que nous commen\u00e7ons \u00e0 rep\u00e9rer aux messes, lors des demandes de bapt\u00eames, mariages\u2026 Chaque membre de la CPL est appel\u00e9 \u00e0 devenir chaque jour plus accueillant, pour faire grandir l\u2019<a href=\"http:\/\/www.paroisse-aucamville-st-loup-cammas.fr\/site\/communaute\/\">Eglise locale<\/a>.<\/p>\n<p>Merci \u00e0 tous pour cette convivialit\u00e9 et ce bonheur simple de l\u2019amiti\u00e9.<\/p>\n<p>&nbsp;<\/p>\n<p>&nbsp;<\/p>\n","protected":false},"excerpt":{"rendered":"<p>Le 24 juin dernier, la CPL de St-Loup-Cammas \u00e9tait r\u00e9unie [&hellip;]<\/p>\n","protected":false},"author":1,"featured_media":14145,"comment_status":"closed","ping_status":"closed","sticky":false,"template":"","format":"standard","meta":[],"categories":[77],"tags":[],"jetpack_featured_media_url":"https:\/\/www.paroisse-aucamville-st-loup-cammas.fr\/site\/wp-content\/uploads\/DSC_00081-1024x768.jpg","_links":{"self":[{"href":"https:\/\/www.paroisse-aucamville-st-loup-cammas.fr\/site\/wp-json\/wp\/v2\/posts\/14144"}],"collection":[{"href":"https:\/\/www.paroisse-aucamville-st-loup-cammas.fr\/site\/wp-json\/wp\/v2\/posts"}],"about":[{"href":"https:\/\/www.paroisse-aucamville-st-loup-cammas.fr\/site\/wp-json\/wp\/v2\/types\/post"}],"author":[{"embeddable":true,"href":"https:\/\/www.paroisse-aucamville-st-loup-cammas.fr\/site\/wp-json\/wp\/v2\/users\/1"}],"replies":[{"embeddable":true,"href":"https:\/\/www.paroisse-aucamville-st-loup-cammas.fr\/site\/wp-json\/wp\/v2\/comments?post=14144"}],"version-history":[{"count":5,"href":"https:\/\/www.paroisse-aucamville-st-loup-cammas.fr\/site\/wp-json\/wp\/v2\/posts\/14144\/revisions"}],"predecessor-version":[{"id":14152,"href":"https:\/\/www.paroisse-aucamville-st-loup-cammas.fr\/site\/wp-json\/wp\/v2\/posts\/14144\/revisions\/14152"}],"wp:featuredmedia":[{"embeddable":true,"href":"https:\/\/www.paroisse-aucamville-st-loup-cammas.fr\/site\/wp-json\/wp\/v2\/media\/14145"}],"wp:attachment":[{"href":"https:\/\/www.paroisse-aucamville-st-loup-cammas.fr\/site\/wp-json\/wp\/v2\/media?parent=14144"}],"wp:term":[{"taxonomy":"category","embeddable":true,"href":"https:\/\/www.paroisse-aucamville-st-loup-cammas.fr\/site\/wp-json\/wp\/v2\/categories?post=14144"},{"taxonomy":"post_tag","embeddable":true,"href":"https:\/\/www.paroisse-aucamville-st-loup-cammas.fr\/site\/wp-json\/wp\/v2\/tags?post=14144"}],"curies":[{"name":"wp","href":"https:\/\/api.w.org\/{rel}","templated":true}]}}