{"id":14265,"date":"2017-10-04T08:49:08","date_gmt":"2017-10-04T07:49:08","guid":{"rendered":"http:\/\/www.paroisse-aucamville-st-loup-cammas.fr\/site\/?p=14265"},"modified":"2018-01-28T20:12:58","modified_gmt":"2018-01-28T19:12:58","slug":"la-devotion-des-cinq-samedis-un-coeur-a-coeur-avec-marie-en-reparation-du-mal-dans-le-monde","status":"publish","type":"post","link":"https:\/\/www.paroisse-aucamville-st-loup-cammas.fr\/site\/la-devotion-des-cinq-samedis-un-coeur-a-coeur-avec-marie-en-reparation-du-mal-dans-le-monde\/","title":{"rendered":"La d\u00e9votion des Cinq samedis : un c\u0153ur \u00e0 c\u0153ur avec Marie en r\u00e9paration du mal dans le monde"},"content":{"rendered":"<p style=\"text-align: justify;\">Vivre un c\u0153ur \u00e0 c\u0153ur avec Marie, obtenir la paix dans le monde et son propre salut : ce sont les fruits de la pri\u00e8re command\u00e9e par la Vierge un jour d&rsquo;hiver 1925 \u00e0 Lucie, entr\u00e9e dans la vie religieuse \u00e0 Pontevedra en Espagne, celle-l\u00e0 m\u00eame qui, avec les petits Jacynthe et Fran\u00e7ois, avait \u00e9t\u00e9 les t\u00e9moins des apparitions de la Vierge \u00e0 Fatima au Portugal. Dans la continuit\u00e9 des f\u00eates du centenaire de ces apparitions de Fatima, les <a href=\"http:\/\/www.paroisse-aucamville-st-loup-cammas.fr\/site\/equipes-du-rosaire\/\">groupes de pri\u00e8re du Rosaire<\/a> de notre ensemble paroissial Aucamville-Saint-Loup Cammas proposent un temps de d\u00e9votion au C\u0153ur de Marie.<\/p>\n<p style=\"text-align: justify;\">Faisant \u00e9cho \u00e0 la d\u00e9votion au Sacr\u00e9 C\u0153ur de J\u00e9sus \u00e0 Paray-le-Monial, cette d\u00e9votion \u00e0 Marie vise \u00e0 \u00e9mouvoir la mis\u00e9ricorde de J\u00e9sus envers les \u00e2mes qui offensent sa Tr\u00e8s Sainte M\u00e8re. Le programme d&rsquo;engagement des priants suit les demandes de Marie apparue tenant son c\u0153ur rempli d&rsquo;\u00e9pines : prendre un temps de m\u00e9ditation et de consolation de la Vierge qui subit dans le monde, blasph\u00e8mes et ingratitudes, et communier les premiers samedis du mois pendant 5 mois, apr\u00e8s avoir re\u00e7u le sacrement de r\u00e9conciliation les jours pr\u00e9c\u00e9dents. La \u201cd\u00e9votion des Cinq samedis\u201d doit \u00eatre faite dans un esprit de r\u00e9paration des fautes des p\u00e9cheurs. La Vierge a promis \u00e0 ceux qui s&rsquo;y d\u00e9voueraient de \u00ables assister \u00e0 l\u2019heure de leur mort avec toutes les gr\u00e2ces n\u00e9cessaires pour le salut de leur \u00e2me \u00bb.<\/p>\n<p style=\"text-align: justify;\">Ainsi, d&rsquo;octobre \u00e0 f\u00e9vrier prochains, le premier samedi du mois, \u00e0 l\u2019\u00e9glise de Castelginest, aura lieu une messe de d\u00e9votion \u00e0 la Vierge \u00e0 9 heures, pr\u00e9c\u00e9d\u00e9e d&rsquo;un temps de m\u00e9ditation des Myst\u00e8res du Rosaire \u00e0 8h30 qui sera guid\u00e9 par Amaury Civrac, s\u00e9minariste. La confession pourra avoir lieu le jeudi pr\u00e9c\u00e9dent \u00e0 Aucamville (apr\u00e8s la messe de 18h) ou \u00e0 Pechbonnieu le vendredi (apr\u00e8s la messe 18h).<\/p>\n<p style=\"text-align: justify;\">Une trentaine de personnes se sont d\u00e9j\u00e0 engag\u00e9es dans cet acte de foi et d&rsquo;amour \u00e0 Marie auquel chacun peut se joindre. Contact : 06 84 11 62 89.<\/p>\n","protected":false},"excerpt":{"rendered":"<p>Vivre un c\u0153ur \u00e0 c\u0153ur avec Marie, obtenir la paix [&hellip;]<\/p>\n","protected":false},"author":1,"featured_media":14250,"comment_status":"closed","ping_status":"closed","sticky":false,"template":"","format":"standard","meta":[],"categories":[90,69],"tags":[],"jetpack_featured_media_url":"https:\/\/www.paroisse-aucamville-st-loup-cammas.fr\/site\/wp-content\/uploads\/DevotionDes5Samedis.jpg","_links":{"self":[{"href":"https:\/\/www.paroisse-aucamville-st-loup-cammas.fr\/site\/wp-json\/wp\/v2\/posts\/14265"}],"collection":[{"href":"https:\/\/www.paroisse-aucamville-st-loup-cammas.fr\/site\/wp-json\/wp\/v2\/posts"}],"about":[{"href":"https:\/\/www.paroisse-aucamville-st-loup-cammas.fr\/site\/wp-json\/wp\/v2\/types\/post"}],"author":[{"embeddable":true,"href":"https:\/\/www.paroisse-aucamville-st-loup-cammas.fr\/site\/wp-json\/wp\/v2\/users\/1"}],"replies":[{"embeddable":true,"href":"https:\/\/www.paroisse-aucamville-st-loup-cammas.fr\/site\/wp-json\/wp\/v2\/comments?post=14265"}],"version-history":[{"count":3,"href":"https:\/\/www.paroisse-aucamville-st-loup-cammas.fr\/site\/wp-json\/wp\/v2\/posts\/14265\/revisions"}],"predecessor-version":[{"id":14268,"href":"https:\/\/www.paroisse-aucamville-st-loup-cammas.fr\/site\/wp-json\/wp\/v2\/posts\/14265\/revisions\/14268"}],"wp:featuredmedia":[{"embeddable":true,"href":"https:\/\/www.paroisse-aucamville-st-loup-cammas.fr\/site\/wp-json\/wp\/v2\/media\/14250"}],"wp:attachment":[{"href":"https:\/\/www.paroisse-aucamville-st-loup-cammas.fr\/site\/wp-json\/wp\/v2\/media?parent=14265"}],"wp:term":[{"taxonomy":"category","embeddable":true,"href":"https:\/\/www.paroisse-aucamville-st-loup-cammas.fr\/site\/wp-json\/wp\/v2\/categories?post=14265"},{"taxonomy":"post_tag","embeddable":true,"href":"https:\/\/www.paroisse-aucamville-st-loup-cammas.fr\/site\/wp-json\/wp\/v2\/tags?post=14265"}],"curies":[{"name":"wp","href":"https:\/\/api.w.org\/{rel}","templated":true}]}}