{"id":14633,"date":"2018-01-07T21:33:20","date_gmt":"2018-01-07T20:33:20","guid":{"rendered":"http:\/\/www.paroisse-aucamville-st-loup-cammas.fr\/site\/?p=14633"},"modified":"2018-01-07T21:33:20","modified_gmt":"2018-01-07T20:33:20","slug":"feter-les-nouveaux-enfants-de-dieu-de-la-paroisse","status":"publish","type":"post","link":"https:\/\/www.paroisse-aucamville-st-loup-cammas.fr\/site\/feter-les-nouveaux-enfants-de-dieu-de-la-paroisse\/","title":{"rendered":"F\u00eater les nouveaux enfants de Dieu de la paroisse"},"content":{"rendered":"<blockquote><p><span style=\"font-weight: 400;\">C\u2019est d\u00e9sormais une tradition sur la paroisse : le dimanche de l\u2019Epiphanie, l\u2019\u00e9quipe de pr\u00e9paration au bapt\u00eame convie tous les parents qui ont <a href=\"http:\/\/www.paroisse-aucamville-st-loup-cammas.fr\/site\/bapteme-enfant\/\">baptis\u00e9 un enfant<\/a> durant l\u2019ann\u00e9e qui vient de s\u2019achever.<\/span><\/p><\/blockquote>\n<p style=\"text-align: justify;\"><span style=\"font-weight: 400;\">En effet, quel meilleur jour que la veille de la F\u00eate du Bapt\u00eame du Seigneur qui cl\u00f4t le temps de No\u00ebl pour nous r\u00e9jouir pour tous ces enfants devenus fils de Dieu sur notre <a href=\"http:\/\/www.paroisse-aucamville-st-loup-cammas.fr\/site\/communaute\/\">ensemble paroissial Aucamville-Saint-Loup Cammas<\/a>, et renforcer les liens entre les membres habituels de la communaut\u00e9 et ceux qui la c\u00f4toient plus \u00e9pisodiquement.<\/span><\/p>\n<p style=\"text-align: justify;\"><span style=\"font-weight: 400;\">Cette ann\u00e9e, beaucoup parmi les jeunes parents concern\u00e9s ont r\u00e9pondu \u00e0 l\u2019appel, et le ch\u0153ur de <a href=\"http:\/\/www.paroisse-aucamville-st-loup-cammas.fr\/site\/eglises\/\">l\u2019\u00e9glise de Castelginest<\/a> \u00e9tait \u00e0 peine assez grand pour tous les accueillir. Une sacristine avouera d\u2019ailleurs \u00e0 la fin de la messe avoir ressenti une grande joie \u00e0 la vue de cette assembl\u00e9e vivante et renouvel\u00e9e.<\/span><\/p>\n<p style=\"text-align: justify;\"><span style=\"font-weight: 400;\">Au tout d\u00e9but de l&rsquo;Eucharistie, nous avons de surcro\u00eet eu la joie d\u2019accompagner Frantz qui d\u00e9bute son cat\u00e9chum\u00e9nat. Un t\u00e9moignage de plus du travail de l\u2019Esprit saint dans les c\u0153urs. L\u2019orgue, les chants rappelant le temps de la Nativit\u00e9 et la liturgie d\u00e9ploy\u00e9e ont achev\u00e9 de faire de cette c\u00e9l\u00e9bration un temps de communion privil\u00e9gi\u00e9.<\/span><\/p>\n<p style=\"text-align: justify;\"><span style=\"font-weight: 400;\">Cette <a href=\"http:\/\/www.paroisse-aucamville-st-loup-cammas.fr\/site\/eucharistie\/\">messe<\/a>, parmi les premi\u00e8res de l\u2019ann\u00e9e 2018 fra\u00eechement ouverte, est aussi l\u2019occasion de se souhaiter une belle et sainte ann\u00e9e, pour les paroissiens qui ne se sont pas encore crois\u00e9s, et bien entendu de f\u00eater <a href=\"http:\/\/www.paroisse-aucamville-st-loup-cammas.fr\/site\/b-epiphanie-heureux-les-chercheurs-de-verite\/\">l\u2019Epiphanie<\/a>. Ainsi, pour prolonger cette joie, un temps de partage autour des galettes pr\u00e9par\u00e9es, permet \u00e0 chacun d\u2019\u00e9changer des nouvelles et des v\u0153ux.<\/span><\/p>\n","protected":false},"excerpt":{"rendered":"<p>C\u2019est d\u00e9sormais une tradition sur la paroisse : le dimanche [&hellip;]<\/p>\n","protected":false},"author":1,"featured_media":14634,"comment_status":"closed","ping_status":"closed","sticky":false,"template":"","format":"standard","meta":[],"categories":[83,89,94,69],"tags":[],"jetpack_featured_media_url":"https:\/\/www.paroisse-aucamville-st-loup-cammas.fr\/site\/wp-content\/uploads\/Fete-bapteme-castelginest-2017.jpg","_links":{"self":[{"href":"https:\/\/www.paroisse-aucamville-st-loup-cammas.fr\/site\/wp-json\/wp\/v2\/posts\/14633"}],"collection":[{"href":"https:\/\/www.paroisse-aucamville-st-loup-cammas.fr\/site\/wp-json\/wp\/v2\/posts"}],"about":[{"href":"https:\/\/www.paroisse-aucamville-st-loup-cammas.fr\/site\/wp-json\/wp\/v2\/types\/post"}],"author":[{"embeddable":true,"href":"https:\/\/www.paroisse-aucamville-st-loup-cammas.fr\/site\/wp-json\/wp\/v2\/users\/1"}],"replies":[{"embeddable":true,"href":"https:\/\/www.paroisse-aucamville-st-loup-cammas.fr\/site\/wp-json\/wp\/v2\/comments?post=14633"}],"version-history":[{"count":1,"href":"https:\/\/www.paroisse-aucamville-st-loup-cammas.fr\/site\/wp-json\/wp\/v2\/posts\/14633\/revisions"}],"predecessor-version":[{"id":14635,"href":"https:\/\/www.paroisse-aucamville-st-loup-cammas.fr\/site\/wp-json\/wp\/v2\/posts\/14633\/revisions\/14635"}],"wp:featuredmedia":[{"embeddable":true,"href":"https:\/\/www.paroisse-aucamville-st-loup-cammas.fr\/site\/wp-json\/wp\/v2\/media\/14634"}],"wp:attachment":[{"href":"https:\/\/www.paroisse-aucamville-st-loup-cammas.fr\/site\/wp-json\/wp\/v2\/media?parent=14633"}],"wp:term":[{"taxonomy":"category","embeddable":true,"href":"https:\/\/www.paroisse-aucamville-st-loup-cammas.fr\/site\/wp-json\/wp\/v2\/categories?post=14633"},{"taxonomy":"post_tag","embeddable":true,"href":"https:\/\/www.paroisse-aucamville-st-loup-cammas.fr\/site\/wp-json\/wp\/v2\/tags?post=14633"}],"curies":[{"name":"wp","href":"https:\/\/api.w.org\/{rel}","templated":true}]}}