{"id":14636,"date":"2018-01-08T19:00:57","date_gmt":"2018-01-08T18:00:57","guid":{"rendered":"http:\/\/www.paroisse-aucamville-st-loup-cammas.fr\/site\/?p=14636"},"modified":"2018-01-07T21:37:01","modified_gmt":"2018-01-07T20:37:01","slug":"faire-briller-la-lumiere-du-christ","status":"publish","type":"post","link":"https:\/\/www.paroisse-aucamville-st-loup-cammas.fr\/site\/faire-briller-la-lumiere-du-christ\/","title":{"rendered":"Faire briller la lumi\u00e8re du Christ"},"content":{"rendered":"<p style=\"text-align: justify;\"><span style=\"font-weight: 400;\">Les textes lus en ce dimanche de l\u2019\u00c9piphanie nous pose la question de la mission du croyant dans le monde. <\/span><i><span style=\"font-weight: 400;\">\u00ab les hommes de notre \u00e9poque, parfois inconsciemment, demandent aux croyants d\u2019aujourd\u2019hui non seulement de \u00ab\u00a0parler\u00a0\u00bb du Christ, mais en un sens de le leur faire \u00ab\u00a0voir\u00a0\u00bb. L\u2019\u00c9glise n\u2019a-t-elle pas re\u00e7u a mission de <\/span><\/i><b><i>faire briller la lumi\u00e8re du Christ<\/i><\/b><i><span style=\"font-weight: 400;\"> \u00e0 chaque \u00e9poque de l\u2019histoire, d\u2019en faire resplendir le visage \u00e9galement aux g\u00e9n\u00e9rations du nouveau mill\u00e9naire ? \u00bb<\/span><\/i><span style=\"font-weight: 400;\">. Citant le pape Jean-Paul II dans NOVO MILLENNIO INEUNTE (NMI-16), lettre apostolique publi\u00e9e \u00e0 l&rsquo;aube du 21\u00e8 si\u00e8cle, P\u00e8re Cyprien Comte nous fait partager sa m\u00e9ditation sur la parole du jour (Mt 2, 1-12) nous invitant \u00e0 contempler le visage du Christ. Pour parvenir \u00e0 la foi de Pierre nous avons besoin d&rsquo;une r\u00e9v\u00e9lation (\u00e9piphanie, en grec). Et Jean-Paul II nous guide encore : \u00ab <\/span><i><span style=\"font-weight: 400;\">seule l\u2019exp\u00e9rience du silence et de la pri\u00e8re offre le cadre appropri\u00e9 dans lequel la connaissance la plus vraie, la plus fid\u00e8le et la plus coh\u00e9rente de ce myst\u00e8re peut m\u00fbrir et se d\u00e9velopper. <\/span><\/i><span style=\"font-weight: 400;\">\u00bb (NMI 7), la \u00ab <\/span><i><span style=\"font-weight: 400;\">profondeur du myst\u00e8re<\/span><\/i><span style=\"font-weight: 400;\"> \u00bb (<\/span><i><span style=\"font-weight: 400;\">NMI<\/span><\/i><span style=\"font-weight: 400;\"> 21) pressentie par les mages venus adorer l&rsquo;Enfant-J\u00e9sus<\/span><\/p>\n","protected":false},"excerpt":{"rendered":"<p>Les textes lus en ce dimanche de l\u2019\u00c9piphanie nous pose [&hellip;]<\/p>\n","protected":false},"author":1,"featured_media":14637,"comment_status":"closed","ping_status":"closed","sticky":false,"template":"","format":"standard","meta":[],"categories":[83,89,94],"tags":[],"jetpack_featured_media_url":"https:\/\/www.paroisse-aucamville-st-loup-cammas.fr\/site\/wp-content\/uploads\/Lumi\u00e8rechrist.jpg","_links":{"self":[{"href":"https:\/\/www.paroisse-aucamville-st-loup-cammas.fr\/site\/wp-json\/wp\/v2\/posts\/14636"}],"collection":[{"href":"https:\/\/www.paroisse-aucamville-st-loup-cammas.fr\/site\/wp-json\/wp\/v2\/posts"}],"about":[{"href":"https:\/\/www.paroisse-aucamville-st-loup-cammas.fr\/site\/wp-json\/wp\/v2\/types\/post"}],"author":[{"embeddable":true,"href":"https:\/\/www.paroisse-aucamville-st-loup-cammas.fr\/site\/wp-json\/wp\/v2\/users\/1"}],"replies":[{"embeddable":true,"href":"https:\/\/www.paroisse-aucamville-st-loup-cammas.fr\/site\/wp-json\/wp\/v2\/comments?post=14636"}],"version-history":[{"count":2,"href":"https:\/\/www.paroisse-aucamville-st-loup-cammas.fr\/site\/wp-json\/wp\/v2\/posts\/14636\/revisions"}],"predecessor-version":[{"id":14639,"href":"https:\/\/www.paroisse-aucamville-st-loup-cammas.fr\/site\/wp-json\/wp\/v2\/posts\/14636\/revisions\/14639"}],"wp:featuredmedia":[{"embeddable":true,"href":"https:\/\/www.paroisse-aucamville-st-loup-cammas.fr\/site\/wp-json\/wp\/v2\/media\/14637"}],"wp:attachment":[{"href":"https:\/\/www.paroisse-aucamville-st-loup-cammas.fr\/site\/wp-json\/wp\/v2\/media?parent=14636"}],"wp:term":[{"taxonomy":"category","embeddable":true,"href":"https:\/\/www.paroisse-aucamville-st-loup-cammas.fr\/site\/wp-json\/wp\/v2\/categories?post=14636"},{"taxonomy":"post_tag","embeddable":true,"href":"https:\/\/www.paroisse-aucamville-st-loup-cammas.fr\/site\/wp-json\/wp\/v2\/tags?post=14636"}],"curies":[{"name":"wp","href":"https:\/\/api.w.org\/{rel}","templated":true}]}}