{"id":14930,"date":"2018-03-08T21:15:22","date_gmt":"2018-03-08T20:15:22","guid":{"rendered":"http:\/\/www.paroisse-aucamville-st-loup-cammas.fr\/site\/?p=14930"},"modified":"2018-03-08T21:19:14","modified_gmt":"2018-03-08T20:19:14","slug":"cpl-de-saint-alban-meditation-sur-levangile-apres-la-messe","status":"publish","type":"post","link":"https:\/\/www.paroisse-aucamville-st-loup-cammas.fr\/site\/cpl-de-saint-alban-meditation-sur-levangile-apres-la-messe\/","title":{"rendered":"CPL de Saint-Alban : M\u00e9ditation sur l&rsquo;\u00e9vangile apr\u00e8s la messe"},"content":{"rendered":"<p style=\"text-align: justify;\"><span style=\"font-weight: 400;\">\u00c0 l&rsquo;appel de la communaut\u00e9 paroissiale locale (CPL) de Saint-Alban, une dizaine de personnes ont particip\u00e9, le dimanche 4 mars, \u00e0 l&rsquo;\u00e9glise apr\u00e8s la messe de 9h30, au partage de l\u2019\u00c9vangile de ce 3\u00e8 dimanche de Car\u00eame (Jn 2, 13-25), anim\u00e9 par notre <a href=\"http:\/\/www.paroisse-aucamville-st-loup-cammas.fr\/site\/les_pretres_et_diacre\/\">diacre Jos\u00e9 Raisson<\/a>. Pendant cette demi-heure, nous avons pu \u00e9chang\u00e9 sur ce qui nous questionnait dans le texte, sur le message de J\u00e9sus ainsi que sur ce que nous en retenions pour notre vie quotidienne. Nous avons conclu ce moment par un temps de pri\u00e8re en c\u0153ur \u00e0 c\u0153ur avec le Seigneur.<\/span><\/p>\n<p><b>Prochaine rencontre : dimanche 8 avril apr\u00e8s la messe pour un temps d&rsquo;adoration.<\/b><\/p>\n","protected":false},"excerpt":{"rendered":"<p>\u00c0 l&rsquo;appel de la communaut\u00e9 paroissiale locale (CPL) de Saint-Alban, [&hellip;]<\/p>\n","protected":false},"author":1,"featured_media":14931,"comment_status":"closed","ping_status":"closed","sticky":false,"template":"","format":"standard","meta":[],"categories":[77],"tags":[],"jetpack_featured_media_url":"https:\/\/www.paroisse-aucamville-st-loup-cammas.fr\/site\/wp-content\/uploads\/CPL-Saint-Alban-2.jpg","_links":{"self":[{"href":"https:\/\/www.paroisse-aucamville-st-loup-cammas.fr\/site\/wp-json\/wp\/v2\/posts\/14930"}],"collection":[{"href":"https:\/\/www.paroisse-aucamville-st-loup-cammas.fr\/site\/wp-json\/wp\/v2\/posts"}],"about":[{"href":"https:\/\/www.paroisse-aucamville-st-loup-cammas.fr\/site\/wp-json\/wp\/v2\/types\/post"}],"author":[{"embeddable":true,"href":"https:\/\/www.paroisse-aucamville-st-loup-cammas.fr\/site\/wp-json\/wp\/v2\/users\/1"}],"replies":[{"embeddable":true,"href":"https:\/\/www.paroisse-aucamville-st-loup-cammas.fr\/site\/wp-json\/wp\/v2\/comments?post=14930"}],"version-history":[{"count":1,"href":"https:\/\/www.paroisse-aucamville-st-loup-cammas.fr\/site\/wp-json\/wp\/v2\/posts\/14930\/revisions"}],"predecessor-version":[{"id":14932,"href":"https:\/\/www.paroisse-aucamville-st-loup-cammas.fr\/site\/wp-json\/wp\/v2\/posts\/14930\/revisions\/14932"}],"wp:featuredmedia":[{"embeddable":true,"href":"https:\/\/www.paroisse-aucamville-st-loup-cammas.fr\/site\/wp-json\/wp\/v2\/media\/14931"}],"wp:attachment":[{"href":"https:\/\/www.paroisse-aucamville-st-loup-cammas.fr\/site\/wp-json\/wp\/v2\/media?parent=14930"}],"wp:term":[{"taxonomy":"category","embeddable":true,"href":"https:\/\/www.paroisse-aucamville-st-loup-cammas.fr\/site\/wp-json\/wp\/v2\/categories?post=14930"},{"taxonomy":"post_tag","embeddable":true,"href":"https:\/\/www.paroisse-aucamville-st-loup-cammas.fr\/site\/wp-json\/wp\/v2\/tags?post=14930"}],"curies":[{"name":"wp","href":"https:\/\/api.w.org\/{rel}","templated":true}]}}