{"id":15622,"date":"2018-11-29T00:12:35","date_gmt":"2018-11-28T23:12:35","guid":{"rendered":"http:\/\/www.paroisse-aucamville-st-loup-cammas.fr\/site\/?p=15622"},"modified":"2018-11-29T00:39:22","modified_gmt":"2018-11-28T23:39:22","slug":"preparation-au-bapteme-des-tout-petits-la-famille-sagrandit","status":"publish","type":"post","link":"https:\/\/www.paroisse-aucamville-st-loup-cammas.fr\/site\/preparation-au-bapteme-des-tout-petits-la-famille-sagrandit\/","title":{"rendered":"Pr\u00e9paration au bapt\u00eame des tout-petits&#8230; la famille s\u2019agrandit !"},"content":{"rendered":"<p style=\"text-align: justify;\">Toute l&rsquo;\u00e9quipe de <a href=\"http:\/\/www.paroisse-aucamville-st-loup-cammas.fr\/site\/bapteme-enfant\/\">pr\u00e9paration au bapt\u00eame <\/a>des tout-petits s&rsquo;est retrouv\u00e9e ce dimanche apr\u00e8s-midi en famille avec nos <a href=\"http:\/\/www.paroisse-aucamville-st-loup-cammas.fr\/site\/les_pretres_et_diacre\/\">pr\u00eatres Pierre<\/a>, <a href=\"http:\/\/www.paroisse-aucamville-st-loup-cammas.fr\/site\/les_pretres_et_diacre\/\">Jean<\/a> et <a href=\"http:\/\/www.paroisse-aucamville-st-loup-cammas.fr\/site\/les_pretres_et_diacre\/\">Joseph<\/a> pour souhaiter la bienvenue \u00e0 de nouveaux co-\u00e9quipiers G\u00e9rald, Nathalie et Delphine. Bienvenue \u00e0 eux trois !<\/p>\n<p style=\"text-align: justify;\">Cette rencontre gourmande a \u00e9t\u00e9 l&rsquo;occasion de t\u00e9moigner de la richesse des gr\u00e2ces re\u00e7ues lors des accompagnements vers le bapt\u00eame et d&rsquo;\u00e9changer sur l&rsquo;organisation des bapt\u00eames \u00e0 venir.<\/p>\n<p style=\"text-align: justify;\">Par le bapt\u00eame, nous comptons de nouveaux fr\u00e8res et soeurs&#8230; dans notre famille chr\u00e9tienne. Nous comptons sur vos pri\u00e8res et votre amiti\u00e9 pour t\u00e9moigner de votre joie d&rsquo;\u00eatre chr\u00e9tien lorsque vous croiserez sur le seuil de l&rsquo;\u00e9glise, des parents endimanch\u00e9s venus faire baptiser leur tout-petit !<\/p>\n","protected":false},"excerpt":{"rendered":"<p>Toute l&rsquo;\u00e9quipe de pr\u00e9paration au bapt\u00eame des tout-petits s&rsquo;est retrouv\u00e9e [&hellip;]<\/p>\n","protected":false},"author":1,"featured_media":15633,"comment_status":"closed","ping_status":"closed","sticky":false,"template":"","format":"standard","meta":[],"categories":[83,94],"tags":[],"jetpack_featured_media_url":"https:\/\/www.paroisse-aucamville-st-loup-cammas.fr\/site\/wp-content\/uploads\/IMG_1582-e1543448314932.jpg","_links":{"self":[{"href":"https:\/\/www.paroisse-aucamville-st-loup-cammas.fr\/site\/wp-json\/wp\/v2\/posts\/15622"}],"collection":[{"href":"https:\/\/www.paroisse-aucamville-st-loup-cammas.fr\/site\/wp-json\/wp\/v2\/posts"}],"about":[{"href":"https:\/\/www.paroisse-aucamville-st-loup-cammas.fr\/site\/wp-json\/wp\/v2\/types\/post"}],"author":[{"embeddable":true,"href":"https:\/\/www.paroisse-aucamville-st-loup-cammas.fr\/site\/wp-json\/wp\/v2\/users\/1"}],"replies":[{"embeddable":true,"href":"https:\/\/www.paroisse-aucamville-st-loup-cammas.fr\/site\/wp-json\/wp\/v2\/comments?post=15622"}],"version-history":[{"count":5,"href":"https:\/\/www.paroisse-aucamville-st-loup-cammas.fr\/site\/wp-json\/wp\/v2\/posts\/15622\/revisions"}],"predecessor-version":[{"id":15632,"href":"https:\/\/www.paroisse-aucamville-st-loup-cammas.fr\/site\/wp-json\/wp\/v2\/posts\/15622\/revisions\/15632"}],"wp:featuredmedia":[{"embeddable":true,"href":"https:\/\/www.paroisse-aucamville-st-loup-cammas.fr\/site\/wp-json\/wp\/v2\/media\/15633"}],"wp:attachment":[{"href":"https:\/\/www.paroisse-aucamville-st-loup-cammas.fr\/site\/wp-json\/wp\/v2\/media?parent=15622"}],"wp:term":[{"taxonomy":"category","embeddable":true,"href":"https:\/\/www.paroisse-aucamville-st-loup-cammas.fr\/site\/wp-json\/wp\/v2\/categories?post=15622"},{"taxonomy":"post_tag","embeddable":true,"href":"https:\/\/www.paroisse-aucamville-st-loup-cammas.fr\/site\/wp-json\/wp\/v2\/tags?post=15622"}],"curies":[{"name":"wp","href":"https:\/\/api.w.org\/{rel}","templated":true}]}}