{"id":16265,"date":"2019-05-11T07:25:01","date_gmt":"2019-05-11T06:25:01","guid":{"rendered":"http:\/\/www.paroisse-aucamville-st-loup-cammas.fr\/site\/?p=16265"},"modified":"2019-05-11T07:27:32","modified_gmt":"2019-05-11T06:27:32","slug":"lifting-au-centre-paroissial-de-saint-loup-cammas","status":"publish","type":"post","link":"https:\/\/www.paroisse-aucamville-st-loup-cammas.fr\/site\/lifting-au-centre-paroissial-de-saint-loup-cammas\/","title":{"rendered":"Lifting au centre paroissial de Saint Loup Cammas"},"content":{"rendered":"<p style=\"text-align: justify;\"><span style=\"font-weight: 400;\">Pendant les vacances, une des salles de <a href=\"http:\/\/www.paroisse-aucamville-st-loup-cammas.fr\/site\/catechisme\/\">cat\u00e9chisme<\/a> a \u00e9t\u00e9 restaur\u00e9e.<\/span><\/p>\n<p style=\"text-align: justify;\"><span style=\"font-weight: 400;\">La <a href=\"http:\/\/www.paroisse-aucamville-st-loup-cammas.fr\/site\/cpl\/\">CPL (communaut\u00e9 paroissiale locale)<\/a> de Saint Loup Cammas avait d\u00e9cid\u00e9 de rafra\u00eechir la tapisserie des salles de <a href=\"http:\/\/www.paroisse-aucamville-st-loup-cammas.fr\/site\/catechisme\/\">cat\u00e9chisme<\/a> du centre paroissial. Pendant les vacances de P\u00e2ques, la salle Saint Jean-Paul II a ainsi \u00e9t\u00e9 d\u00e9tapiss\u00e9e, le plafond lessiv\u00e9 et repeint, la tapisserie enlev\u00e9e, les encadrements de fen\u00eatres et la porte repeint, la salle retapiss\u00e9e. Cela a pris plusieurs demi-journ\u00e9es aux membres de la CPL. De rendez-vous en rendez-vous la salle prenait de nouvelles couleurs, plus gaies. Chacun a pu participer \u00e0 son rythme et selon son talent \u00e0 sa nouvelle apparence. Les deux autres salles profiteront \u00e9galement d\u2019une restauration cet \u00e9t\u00e9. <\/span><\/p>\n<p style=\"text-align: justify;\"><span style=\"font-weight: 400;\">Ces projets f\u00e9d\u00e8rent le <a href=\"http:\/\/www.paroisse-aucamville-st-loup-cammas.fr\/site\/cpl\/\">groupe<\/a>, le fait grandir au service des paroissiens et des familles qui viennent, dans ce centre paroissial, pr\u00e9parer le bapt\u00eame de leur enfant.<\/span><\/p>\n","protected":false},"excerpt":{"rendered":"<p>Pendant les vacances, une des salles de cat\u00e9chisme a \u00e9t\u00e9 [&hellip;]<\/p>\n","protected":false},"author":1,"featured_media":16266,"comment_status":"closed","ping_status":"closed","sticky":false,"template":"","format":"standard","meta":[],"categories":[77,94,69],"tags":[],"jetpack_featured_media_url":"https:\/\/www.paroisse-aucamville-st-loup-cammas.fr\/site\/wp-content\/uploads\/cpl1.jpg","_links":{"self":[{"href":"https:\/\/www.paroisse-aucamville-st-loup-cammas.fr\/site\/wp-json\/wp\/v2\/posts\/16265"}],"collection":[{"href":"https:\/\/www.paroisse-aucamville-st-loup-cammas.fr\/site\/wp-json\/wp\/v2\/posts"}],"about":[{"href":"https:\/\/www.paroisse-aucamville-st-loup-cammas.fr\/site\/wp-json\/wp\/v2\/types\/post"}],"author":[{"embeddable":true,"href":"https:\/\/www.paroisse-aucamville-st-loup-cammas.fr\/site\/wp-json\/wp\/v2\/users\/1"}],"replies":[{"embeddable":true,"href":"https:\/\/www.paroisse-aucamville-st-loup-cammas.fr\/site\/wp-json\/wp\/v2\/comments?post=16265"}],"version-history":[{"count":4,"href":"https:\/\/www.paroisse-aucamville-st-loup-cammas.fr\/site\/wp-json\/wp\/v2\/posts\/16265\/revisions"}],"predecessor-version":[{"id":16274,"href":"https:\/\/www.paroisse-aucamville-st-loup-cammas.fr\/site\/wp-json\/wp\/v2\/posts\/16265\/revisions\/16274"}],"wp:featuredmedia":[{"embeddable":true,"href":"https:\/\/www.paroisse-aucamville-st-loup-cammas.fr\/site\/wp-json\/wp\/v2\/media\/16266"}],"wp:attachment":[{"href":"https:\/\/www.paroisse-aucamville-st-loup-cammas.fr\/site\/wp-json\/wp\/v2\/media?parent=16265"}],"wp:term":[{"taxonomy":"category","embeddable":true,"href":"https:\/\/www.paroisse-aucamville-st-loup-cammas.fr\/site\/wp-json\/wp\/v2\/categories?post=16265"},{"taxonomy":"post_tag","embeddable":true,"href":"https:\/\/www.paroisse-aucamville-st-loup-cammas.fr\/site\/wp-json\/wp\/v2\/tags?post=16265"}],"curies":[{"name":"wp","href":"https:\/\/api.w.org\/{rel}","templated":true}]}}